{"id":8147,"date":"2017-06-25T21:55:23","date_gmt":"2017-06-26T01:55:23","guid":{"rendered":"https:\/\/cpaq.ufms.br\/?p=8147"},"modified":"2017-06-25T22:05:57","modified_gmt":"2017-06-26T02:05:57","slug":"8147-2","status":"publish","type":"post","link":"https:\/\/cpaq.ufms.br\/en\/8147-2\/","title":{"rendered":"Acad\u00eamicos do Curso de Matem\u00e1tica Participa de F\u00f3rum Nacional"},"content":{"rendered":"<p>Na \u00faltima sexta-feira (23) e s\u00e1bado (24) um grupo formado por 26 alunos do Curso de Matem\u00e1tica\/CPAQ, acompanhados pelas professoras Juliana Alves e Susilene Garcia, participaram do VI F\u00f3rum Nacional das Licenciaturas em Matem\u00e1tica na Cidade Universit\u00e1ria, em Campo Grande, sob o tema \u201cAdaptar ou transformar? Adequa\u00e7\u00e3o \u00e0s novas diretrizes curriculares para a forma\u00e7\u00e3o inicial dos professores que ensinam matem\u00e1tica\u201d.<\/p>\n<p>Os alunos tiveram a oportunidade de participar \u00a0de grupos de discuss\u00f5es com estudantes, professores de Matem\u00e1tica e pesquisadores em Educa\u00e7\u00e3o Matem\u00e1tica de diversas universidades do pa\u00eds, al\u00e9m disso, quatro acad\u00eamicos apresentaram trabalhos na modalidade banner.<\/p>\n<p>A representatividade do Curso de Matem\u00e1tica\/CPAQ no evento foi parabenizada.<\/p>\n<p>&nbsp;<\/p>\n","protected":false},"excerpt":{"rendered":"<p>Na \u00faltima sexta-feira (23) e s\u00e1bado (24) um grupo formado por 26 alunos do Curso de Matem\u00e1tica\/CPAQ, acompanhados pelas professoras Juliana Alves e Susilene Garcia, participaram do VI F\u00f3rum Nacional das Licenciaturas em Matem\u00e1tica na Cidade Universit\u00e1ria, em Campo Grande, sob o tema \u201cAdaptar ou transformar? Adequa\u00e7\u00e3o \u00e0s novas diretrizes curriculares para a forma\u00e7\u00e3o inicial [&hellip;]<\/p>\n","protected":false},"author":1867,"featured_media":8148,"comment_status":"closed","ping_status":"open","sticky":false,"template":"","format":"standard","meta":{"footnotes":""},"categories":[68],"tags":[],"coauthors":[],"class_list":["post-8147","post","type-post","status-publish","format-standard","has-post-thumbnail","hentry","category-noticias-matematica"],"_links":{"self":[{"href":"https:\/\/cpaq.ufms.br\/en\/wp-json\/wp\/v2\/posts\/8147","targetHints":{"allow":["GET"]}}],"collection":[{"href":"https:\/\/cpaq.ufms.br\/en\/wp-json\/wp\/v2\/posts"}],"about":[{"href":"https:\/\/cpaq.ufms.br\/en\/wp-json\/wp\/v2\/types\/post"}],"author":[{"embeddable":true,"href":"https:\/\/cpaq.ufms.br\/en\/wp-json\/wp\/v2\/users\/1867"}],"replies":[{"embeddable":true,"href":"https:\/\/cpaq.ufms.br\/en\/wp-json\/wp\/v2\/comments?post=8147"}],"version-history":[{"count":4,"href":"https:\/\/cpaq.ufms.br\/en\/wp-json\/wp\/v2\/posts\/8147\/revisions"}],"predecessor-version":[{"id":8152,"href":"https:\/\/cpaq.ufms.br\/en\/wp-json\/wp\/v2\/posts\/8147\/revisions\/8152"}],"wp:featuredmedia":[{"embeddable":true,"href":"https:\/\/cpaq.ufms.br\/en\/wp-json\/wp\/v2\/media\/8148"}],"wp:attachment":[{"href":"https:\/\/cpaq.ufms.br\/en\/wp-json\/wp\/v2\/media?parent=8147"}],"wp:term":[{"taxonomy":"category","embeddable":true,"href":"https:\/\/cpaq.ufms.br\/en\/wp-json\/wp\/v2\/categories?post=8147"},{"taxonomy":"post_tag","embeddable":true,"href":"https:\/\/cpaq.ufms.br\/en\/wp-json\/wp\/v2\/tags?post=8147"},{"taxonomy":"author","embeddable":true,"href":"https:\/\/cpaq.ufms.br\/en\/wp-json\/wp\/v2\/coauthors?post=8147"}],"curies":[{"name":"wp","href":"https:\/\/api.w.org\/{rel}","templated":true}]}}