{"id":5997,"date":"2016-09-06T13:26:05","date_gmt":"2016-09-06T17:26:05","guid":{"rendered":"http:\/\/cpaq.draconis.ufms.br\/?p=5997"},"modified":"2016-09-06T13:26:05","modified_gmt":"2016-09-06T17:26:05","slug":"periodo-letivo-especial-outubro2016","status":"publish","type":"post","link":"https:\/\/cpaq.ufms.br\/en\/periodo-letivo-especial-outubro2016\/","title":{"rendered":"Per\u00edodo Letivo Especial &#8211; Outubro\/2016"},"content":{"rendered":"<p>Com a finalidade de repor, em parte, a perda de carga hor\u00e1ria consequente da altera\u00e7\u00e3o da hora-aula de 50 minutos para 60 minutos, o curso de Matem\u00e1tica do CPAQ\/UFMS ofertar\u00e1 em outubro\/2016, algumas disciplinas no Per\u00edodo Letivo Especial aos alunos com ingresso anterior ao ano de 2015.<\/p>\n<p>Dessa forma, os interessados devem procurar a Coordena\u00e7\u00e3o do Curso, no per\u00edodo de 12 a 14 de setembro\u00a0para efetuarem suas matr\u00edculas.<\/p>\n<p>A coordena\u00e7\u00e3o.<\/p>\n","protected":false},"excerpt":{"rendered":"<p>Com a finalidade de repor, em parte, a perda de carga hor\u00e1ria consequente da altera\u00e7\u00e3o da hora-aula de 50 minutos para 60 minutos, o curso de Matem\u00e1tica do CPAQ\/UFMS ofertar\u00e1 em outubro\/2016, algumas disciplinas no Per\u00edodo Letivo Especial aos alunos com ingresso anterior ao ano de 2015. Dessa forma, os interessados devem procurar a Coordena\u00e7\u00e3o [&hellip;]<\/p>\n","protected":false},"author":1867,"featured_media":0,"comment_status":"closed","ping_status":"open","sticky":false,"template":"","format":"standard","meta":{"footnotes":""},"categories":[68],"tags":[],"coauthors":[],"class_list":["post-5997","post","type-post","status-publish","format-standard","hentry","category-noticias-matematica"],"_links":{"self":[{"href":"https:\/\/cpaq.ufms.br\/en\/wp-json\/wp\/v2\/posts\/5997","targetHints":{"allow":["GET"]}}],"collection":[{"href":"https:\/\/cpaq.ufms.br\/en\/wp-json\/wp\/v2\/posts"}],"about":[{"href":"https:\/\/cpaq.ufms.br\/en\/wp-json\/wp\/v2\/types\/post"}],"author":[{"embeddable":true,"href":"https:\/\/cpaq.ufms.br\/en\/wp-json\/wp\/v2\/users\/1867"}],"replies":[{"embeddable":true,"href":"https:\/\/cpaq.ufms.br\/en\/wp-json\/wp\/v2\/comments?post=5997"}],"version-history":[{"count":1,"href":"https:\/\/cpaq.ufms.br\/en\/wp-json\/wp\/v2\/posts\/5997\/revisions"}],"predecessor-version":[{"id":5998,"href":"https:\/\/cpaq.ufms.br\/en\/wp-json\/wp\/v2\/posts\/5997\/revisions\/5998"}],"wp:attachment":[{"href":"https:\/\/cpaq.ufms.br\/en\/wp-json\/wp\/v2\/media?parent=5997"}],"wp:term":[{"taxonomy":"category","embeddable":true,"href":"https:\/\/cpaq.ufms.br\/en\/wp-json\/wp\/v2\/categories?post=5997"},{"taxonomy":"post_tag","embeddable":true,"href":"https:\/\/cpaq.ufms.br\/en\/wp-json\/wp\/v2\/tags?post=5997"},{"taxonomy":"author","embeddable":true,"href":"https:\/\/cpaq.ufms.br\/en\/wp-json\/wp\/v2\/coauthors?post=5997"}],"curies":[{"name":"wp","href":"https:\/\/api.w.org\/{rel}","templated":true}]}}