{"id":5457,"date":"2016-06-21T11:12:42","date_gmt":"2016-06-21T15:12:42","guid":{"rendered":"http:\/\/cpaq.draconis.ufms.br\/?p=5457"},"modified":"2016-06-22T10:25:40","modified_gmt":"2016-06-22T14:25:40","slug":"o-laboratorio-de-ensino-de-matematica-promovera-minicurso","status":"publish","type":"post","link":"https:\/\/cpaq.ufms.br\/en\/o-laboratorio-de-ensino-de-matematica-promovera-minicurso\/","title":{"rendered":"O Laborat\u00f3rio de Ensino de Matem\u00e1tica Promover\u00e1 Minicurso"},"content":{"rendered":"<p style=\"text-align: justify\">O LEMAq &#8211; Laborat\u00f3rio de Ensino de Matem\u00e1tica de Aquidauana realizar\u00e1 uma a\u00e7\u00e3o de extens\u00e3o por meio do minicurso &#8220;Introdu\u00e7\u00e3o \u00e0 pesquisa e trabalhos acad\u00eamicos&#8221; que ser\u00e1 realizado nos dias 20, 22, 27 e 29 de julho de 2016, das 07h as 11h, no Laborat\u00f3rio de Inform\u00e1tica da UFMS\/CPAQ unidade II, com carga hor\u00e1ria de 20h. O Minicurso tem a\u00a0finalidade de oferecer no\u00e7\u00f5es introdut\u00f3rias sobre o universo acad\u00eamico assim como o uso destas informa\u00e7\u00f5es para os processos de pesquisa e elabora\u00e7\u00e3o de trabalhos acad\u00eamicos. A inscri\u00e7\u00e3o \u00e9 gratuita e limitada a\u00a036 vagas (n\u00famero de computadores do laborat\u00f3rio de inform\u00e1tica).<\/p>\n<p style=\"text-align: justify\">Essa a\u00e7\u00e3o tem apoio da MCelestin\u00e9 e ser\u00e1 ministrado por Maria J. Celestino Medrado, formada em Ci\u00eancias Econ\u00f4micas (Unisul) e com gradua\u00e7\u00e3o interrompida em Biblioteconomia (UFMG).<\/p>\n<p style=\"text-align: justify\">Aos interessados, poss\u00edveis d\u00favidas podem ser esclarecidas pelo telefone 3241-0437 (Curso de Matem\u00e1tica).<\/p>\n<p style=\"text-align: justify\">Clique <a href=\"http:\/\/docs.google.com\/forms\/d\/17pXHzmdmupFIKWHXmlDwenswrkLCOET3IMEywBC5VF0\/edit\">aqui<\/a> e fa\u00e7a\u00a0sua inscri\u00e7\u00e3o.<\/p>\n","protected":false},"excerpt":{"rendered":"<p>O LEMAq &#8211; Laborat\u00f3rio de Ensino de Matem\u00e1tica de Aquidauana realizar\u00e1 uma a\u00e7\u00e3o de extens\u00e3o por meio do minicurso &#8220;Introdu\u00e7\u00e3o \u00e0 pesquisa e trabalhos acad\u00eamicos&#8221; que ser\u00e1 realizado nos dias 20, 22, 27 e 29 de julho de 2016, das 07h as 11h, no Laborat\u00f3rio de Inform\u00e1tica da UFMS\/CPAQ unidade II, com carga hor\u00e1ria de [&hellip;]<\/p>\n","protected":false},"author":1867,"featured_media":5177,"comment_status":"closed","ping_status":"open","sticky":false,"template":"","format":"standard","meta":{"footnotes":""},"categories":[68],"tags":[],"coauthors":[101],"class_list":["post-5457","post","type-post","status-publish","format-standard","has-post-thumbnail","hentry","category-noticias-matematica"],"_links":{"self":[{"href":"https:\/\/cpaq.ufms.br\/en\/wp-json\/wp\/v2\/posts\/5457","targetHints":{"allow":["GET"]}}],"collection":[{"href":"https:\/\/cpaq.ufms.br\/en\/wp-json\/wp\/v2\/posts"}],"about":[{"href":"https:\/\/cpaq.ufms.br\/en\/wp-json\/wp\/v2\/types\/post"}],"author":[{"embeddable":true,"href":"https:\/\/cpaq.ufms.br\/en\/wp-json\/wp\/v2\/users\/1867"}],"replies":[{"embeddable":true,"href":"https:\/\/cpaq.ufms.br\/en\/wp-json\/wp\/v2\/comments?post=5457"}],"version-history":[{"count":9,"href":"https:\/\/cpaq.ufms.br\/en\/wp-json\/wp\/v2\/posts\/5457\/revisions"}],"predecessor-version":[{"id":5471,"href":"https:\/\/cpaq.ufms.br\/en\/wp-json\/wp\/v2\/posts\/5457\/revisions\/5471"}],"wp:featuredmedia":[{"embeddable":true,"href":"https:\/\/cpaq.ufms.br\/en\/wp-json\/wp\/v2\/media\/5177"}],"wp:attachment":[{"href":"https:\/\/cpaq.ufms.br\/en\/wp-json\/wp\/v2\/media?parent=5457"}],"wp:term":[{"taxonomy":"category","embeddable":true,"href":"https:\/\/cpaq.ufms.br\/en\/wp-json\/wp\/v2\/categories?post=5457"},{"taxonomy":"post_tag","embeddable":true,"href":"https:\/\/cpaq.ufms.br\/en\/wp-json\/wp\/v2\/tags?post=5457"},{"taxonomy":"author","embeddable":true,"href":"https:\/\/cpaq.ufms.br\/en\/wp-json\/wp\/v2\/coauthors?post=5457"}],"curies":[{"name":"wp","href":"https:\/\/api.w.org\/{rel}","templated":true}]}}