{"id":4754,"date":"2016-04-13T19:48:31","date_gmt":"2016-04-13T23:48:31","guid":{"rendered":"http:\/\/cpaq.draconis.ufms.br\/?p=4754"},"modified":"2016-04-13T19:48:31","modified_gmt":"2016-04-13T23:48:31","slug":"sessao-publica-apresentacao-de-trabalho-de-conclusao-de-curso-tcc","status":"publish","type":"post","link":"https:\/\/cpaq.ufms.br\/en\/sessao-publica-apresentacao-de-trabalho-de-conclusao-de-curso-tcc\/","title":{"rendered":"SESS\u00c3O P\u00daBLICA: APRESENTA\u00c7\u00c3O DE TRABALHO DE CONCLUS\u00c3O DE CURSO (TCC)"},"content":{"rendered":"<p>O curso de Administra\u00e7\u00e3o convida a comunidade acad\u00eamica e sociedade local para prestigiarem os trabalhos de conclus\u00e3o de curso (qualifica\u00e7\u00e3o) a serem apresentados conforme cronograma em anexo. A coordena\u00e7\u00e3o de curso de Administra\u00e7\u00e3o informa que a cada trabalho assistido ser\u00e1 contado 2,5 h de atividade complementar, devendo o participante assinar a lista de presen\u00e7a que ser\u00e1 emitida pelo presidente da banca.<\/p>\n<p>&nbsp;<\/p>\n<p><a href=\"http:\/\/cpaq.draconis.ufms.br\/files\/2016\/04\/CALEND\u00c1RIO-OFICIAL-DE-APRESENTA\u00c7\u00c3O-DE-TCC.pdf\" rel=\"\">CALEND\u00c1RIO OFICIAL DE APRESENTA\u00c7\u00c3O DE TCC<\/a><\/p>\n<p>Prof. Andr\u00e9 Luiz Francisco<\/p>\n<p>Coordenador do Curso de Administra\u00e7\u00e3o<\/p>\n<p>UFMS\/CPAQ<\/p>\n","protected":false},"excerpt":{"rendered":"<p>O curso de Administra\u00e7\u00e3o convida a comunidade acad\u00eamica e sociedade local para prestigiarem os trabalhos de conclus\u00e3o de curso (qualifica\u00e7\u00e3o) a serem apresentados conforme cronograma em anexo. A coordena\u00e7\u00e3o de curso de Administra\u00e7\u00e3o informa que a cada trabalho assistido ser\u00e1 contado 2,5 h de atividade complementar, devendo o participante assinar a lista de presen\u00e7a que [&hellip;]<\/p>\n","protected":false},"author":1810,"featured_media":0,"comment_status":"closed","ping_status":"open","sticky":false,"template":"","format":"standard","meta":{"footnotes":""},"categories":[60],"tags":[],"coauthors":[],"class_list":["post-4754","post","type-post","status-publish","format-standard","hentry","category-noticias-administracao"],"_links":{"self":[{"href":"https:\/\/cpaq.ufms.br\/en\/wp-json\/wp\/v2\/posts\/4754","targetHints":{"allow":["GET"]}}],"collection":[{"href":"https:\/\/cpaq.ufms.br\/en\/wp-json\/wp\/v2\/posts"}],"about":[{"href":"https:\/\/cpaq.ufms.br\/en\/wp-json\/wp\/v2\/types\/post"}],"author":[{"embeddable":true,"href":"https:\/\/cpaq.ufms.br\/en\/wp-json\/wp\/v2\/users\/1810"}],"replies":[{"embeddable":true,"href":"https:\/\/cpaq.ufms.br\/en\/wp-json\/wp\/v2\/comments?post=4754"}],"version-history":[{"count":2,"href":"https:\/\/cpaq.ufms.br\/en\/wp-json\/wp\/v2\/posts\/4754\/revisions"}],"predecessor-version":[{"id":4757,"href":"https:\/\/cpaq.ufms.br\/en\/wp-json\/wp\/v2\/posts\/4754\/revisions\/4757"}],"wp:attachment":[{"href":"https:\/\/cpaq.ufms.br\/en\/wp-json\/wp\/v2\/media?parent=4754"}],"wp:term":[{"taxonomy":"category","embeddable":true,"href":"https:\/\/cpaq.ufms.br\/en\/wp-json\/wp\/v2\/categories?post=4754"},{"taxonomy":"post_tag","embeddable":true,"href":"https:\/\/cpaq.ufms.br\/en\/wp-json\/wp\/v2\/tags?post=4754"},{"taxonomy":"author","embeddable":true,"href":"https:\/\/cpaq.ufms.br\/en\/wp-json\/wp\/v2\/coauthors?post=4754"}],"curies":[{"name":"wp","href":"https:\/\/api.w.org\/{rel}","templated":true}]}}