{"id":4591,"date":"2016-03-21T10:57:53","date_gmt":"2016-03-21T14:57:53","guid":{"rendered":"http:\/\/cpaq.draconis.ufms.br\/?p=4591"},"modified":"2016-03-21T11:00:19","modified_gmt":"2016-03-21T15:00:19","slug":"curso-de-administracao-na-rota-do-desenvolvimento-ms","status":"publish","type":"post","link":"https:\/\/cpaq.ufms.br\/en\/curso-de-administracao-na-rota-do-desenvolvimento-ms\/","title":{"rendered":"EVENTO: CURSO DE ADMINISTRA\u00c7\u00c3O NA ROTA DO DESENVOLVIMENTO\/MS"},"content":{"rendered":"<div id=\"ecxyui_3_16_0_ym18_1_1458570127674_2850\">No dia 17 de mar\u00e7o de 2016, acad\u00eamicos do primeiro semestre do Curso de Administra\u00e7\u00e3o do CPAQ e as Professoras Daniela A. Philippi e Christiane M. Pitaluga participaram da Rota do Desenvolvimento de Mato Grosso do Sul \u2013 Regi\u00e3o Pantanal, no Centro de Conven\u00e7\u00f5es do Pantanal de Corumb\u00e1 Miguel Gom\u00e9z (SESC Corumb\u00e1), na cidade de Corumb\u00e1.<\/div>\n<div>No evento de grande envergadura no cen\u00e1rio estadual, tiveram a oportunidade, docentes e discentes\u00a0de participarem de cursos e oficinas dos mais diversos assuntos como fideliza\u00e7\u00e3o de clientes, log\u00edstica, gest\u00e3o de marcas, lideran\u00e7a e empreendedorismo. A ida ao evento contou com a colabora\u00e7\u00e3o da Associa\u00e7\u00e3o Comercial e Empresarial de \u00a0Aquidauana (ACEA), havendo tamb\u00e9m a participa\u00e7\u00e3o de empres\u00e1rios da regi\u00e3o.<\/div>\n<div>A coordena\u00e7\u00e3o do curso de Administra\u00e7\u00e3o junto com seu corpo docente agradece \u00a0a ACEA &#8211; Aquidauana\/MS, SEBRAE-MS, pelo convite e \u00a0cortesias proporcionadas aos docentes e discentes do curso de Administra\u00e7\u00e3o.<a href=\"http:\/\/cpaq.draconis.ufms.br\/files\/2016\/03\/ROTA-DO-DESENVOLVIMENTO_1.jpg\" rel=\"attachment wp-att-4592\"><img fetchpriority=\"high\" decoding=\"async\" class=\"alignnone size-medium wp-image-4592\" src=\"http:\/\/cpaq.draconis.ufms.br\/files\/2016\/03\/ROTA-DO-DESENVOLVIMENTO_1-300x169.jpg\" alt=\"ROTA DO DESENVOLVIMENTO_1\" width=\"300\" height=\"169\" srcset=\"https:\/\/cpaq.ufms.br\/files\/2016\/03\/ROTA-DO-DESENVOLVIMENTO_1-300x169.jpg 300w, https:\/\/cpaq.ufms.br\/files\/2016\/03\/ROTA-DO-DESENVOLVIMENTO_1-768x432.jpg 768w, https:\/\/cpaq.ufms.br\/files\/2016\/03\/ROTA-DO-DESENVOLVIMENTO_1-569x320.jpg 569w, https:\/\/cpaq.ufms.br\/files\/2016\/03\/ROTA-DO-DESENVOLVIMENTO_1.jpg 960w\" sizes=\"(max-width: 300px) 100vw, 300px\" \/><\/a> <a href=\"http:\/\/cpaq.draconis.ufms.br\/files\/2016\/03\/ROTA-DO-DESENVOLVIMENTO_2.jpg\" rel=\"attachment wp-att-4593\"><img decoding=\"async\" class=\"alignnone size-medium wp-image-4593\" src=\"http:\/\/cpaq.draconis.ufms.br\/files\/2016\/03\/ROTA-DO-DESENVOLVIMENTO_2-300x169.jpg\" alt=\"ROTA DO DESENVOLVIMENTO_2\" width=\"300\" height=\"169\" srcset=\"https:\/\/cpaq.ufms.br\/files\/2016\/03\/ROTA-DO-DESENVOLVIMENTO_2-300x169.jpg 300w, https:\/\/cpaq.ufms.br\/files\/2016\/03\/ROTA-DO-DESENVOLVIMENTO_2-768x432.jpg 768w, https:\/\/cpaq.ufms.br\/files\/2016\/03\/ROTA-DO-DESENVOLVIMENTO_2-569x320.jpg 569w, https:\/\/cpaq.ufms.br\/files\/2016\/03\/ROTA-DO-DESENVOLVIMENTO_2.jpg 960w\" sizes=\"(max-width: 300px) 100vw, 300px\" \/><\/a><\/div>\n","protected":false},"excerpt":{"rendered":"<p>No dia 17 de mar\u00e7o de 2016, acad\u00eamicos do primeiro semestre do Curso de Administra\u00e7\u00e3o do CPAQ e as Professoras Daniela A. Philippi e Christiane M. Pitaluga participaram da Rota do Desenvolvimento de Mato Grosso do Sul \u2013 Regi\u00e3o Pantanal, no Centro de Conven\u00e7\u00f5es do Pantanal de Corumb\u00e1 Miguel Gom\u00e9z (SESC Corumb\u00e1), na cidade de [&hellip;]<\/p>\n","protected":false},"author":1810,"featured_media":0,"comment_status":"closed","ping_status":"open","sticky":false,"template":"","format":"standard","meta":{"footnotes":""},"categories":[60],"tags":[],"coauthors":[],"class_list":["post-4591","post","type-post","status-publish","format-standard","hentry","category-noticias-administracao"],"_links":{"self":[{"href":"https:\/\/cpaq.ufms.br\/en\/wp-json\/wp\/v2\/posts\/4591","targetHints":{"allow":["GET"]}}],"collection":[{"href":"https:\/\/cpaq.ufms.br\/en\/wp-json\/wp\/v2\/posts"}],"about":[{"href":"https:\/\/cpaq.ufms.br\/en\/wp-json\/wp\/v2\/types\/post"}],"author":[{"embeddable":true,"href":"https:\/\/cpaq.ufms.br\/en\/wp-json\/wp\/v2\/users\/1810"}],"replies":[{"embeddable":true,"href":"https:\/\/cpaq.ufms.br\/en\/wp-json\/wp\/v2\/comments?post=4591"}],"version-history":[{"count":2,"href":"https:\/\/cpaq.ufms.br\/en\/wp-json\/wp\/v2\/posts\/4591\/revisions"}],"predecessor-version":[{"id":4595,"href":"https:\/\/cpaq.ufms.br\/en\/wp-json\/wp\/v2\/posts\/4591\/revisions\/4595"}],"wp:attachment":[{"href":"https:\/\/cpaq.ufms.br\/en\/wp-json\/wp\/v2\/media?parent=4591"}],"wp:term":[{"taxonomy":"category","embeddable":true,"href":"https:\/\/cpaq.ufms.br\/en\/wp-json\/wp\/v2\/categories?post=4591"},{"taxonomy":"post_tag","embeddable":true,"href":"https:\/\/cpaq.ufms.br\/en\/wp-json\/wp\/v2\/tags?post=4591"},{"taxonomy":"author","embeddable":true,"href":"https:\/\/cpaq.ufms.br\/en\/wp-json\/wp\/v2\/coauthors?post=4591"}],"curies":[{"name":"wp","href":"https:\/\/api.w.org\/{rel}","templated":true}]}}