{"id":38591,"date":"2026-02-25T09:47:17","date_gmt":"2026-02-25T13:47:17","guid":{"rendered":"https:\/\/cpaq.ufms.br\/?p=38591"},"modified":"2026-03-11T18:21:03","modified_gmt":"2026-03-11T22:21:03","slug":"processo-seletivo-de-candidatos-a-vaga-de-professor-substituto-2026-1","status":"publish","type":"post","link":"https:\/\/cpaq.ufms.br\/en\/processo-seletivo-de-candidatos-a-vaga-de-professor-substituto-2026-1\/","title":{"rendered":"Processo Seletivo de Candidatos \u00e0 Vaga de Professor Substituto- Ci\u00eancias Sociais Aplicadas \/Administra\u00e7\u00e3o \/ Administra\u00e7\u00e3o de Empresas- 2026-1"},"content":{"rendered":"<p><strong>Processo Seletivo Professor Substituto UFMS\/CPAQ 2026\/1<\/strong> \u2013 Ci\u00eancias Sociais Aplicadas \/Administra\u00e7\u00e3o \/ Administra\u00e7\u00e3o de Empresas (Inscri\u00e7\u00f5es de 26\/02\/2026 a 01\/03\/2026)<\/p>\n<p>Edital de abertura:\u00a0<a href=\"https:\/\/drive.google.com\/file\/d\/1NSqEvrffwYpbzDL7i6hPQmTNrnuAGQMH\/view?usp=sharing\">clique aqui<\/a><\/p>\n<p>Edital de resultado preliminar das inscri\u00e7\u00f5es: <a href=\"https:\/\/drive.google.com\/file\/d\/1XYULQNvHSNEpPW3JUz0suObxg-BcC9C3\/view?usp=drive_link\">clique aqui<\/a><\/p>\n<p>Edital de homologa\u00e7\u00e3o das inscri\u00e7\u00f5es: <a href=\"https:\/\/drive.google.com\/file\/d\/1_4G30hK1tKWNfQ42yP8qGqBnYTsSF2ce\/view?usp=drivesdk\">clique aqui<\/a><\/p>\n<p>Ata de sorteio de tema da Prova Did\u00e1tica: <a href=\"https:\/\/drive.google.com\/file\/d\/1wvyGz-dVnAPody_gkqGR0Fct__7Ve_6r\/view?usp=sharing\">clique aqui<\/a><\/p>\n<p>Ata de resultado da Prova Escrita: <a href=\"https:\/\/drive.google.com\/file\/d\/1Kl6jvcfIWbsx5B5q-hUK9t5Y2qSV0qfS\/view?usp=sharing\">clique aqui<\/a><\/p>\n<p>Ata de resultado da Prova Did\u00e1tica: <a href=\"https:\/\/drive.google.com\/file\/d\/1keBEqEAgGngHCZpvJ6TffsM_0oGJB1nR\/view?usp=sharing\">clique aqui<\/a><\/p>\n<p>Ata de resultado da Prova de T\u00edtulos: <a href=\"https:\/\/drive.google.com\/file\/d\/1u1oNrAgx_tqJqpWUOKKFCCPKGQ760gIH\/view?usp=sharing\">clique aqui<\/a><\/p>\n","protected":false},"excerpt":{"rendered":"<p>Processo Seletivo Professor Substituto UFMS\/CPAQ 2026\/1 \u2013 Ci\u00eancias Sociais Aplicadas \/Administra\u00e7\u00e3o \/ Administra\u00e7\u00e3o de Empresas (Inscri\u00e7\u00f5es de 26\/02\/2026 a 01\/03\/2026) Edital de abertura:\u00a0clique aqui Edital de resultado preliminar das inscri\u00e7\u00f5es: clique aqui Edital de homologa\u00e7\u00e3o das inscri\u00e7\u00f5es: clique aqui Ata de sorteio de tema da Prova Did\u00e1tica: clique aqui Ata de resultado da Prova Escrita: [&hellip;]<\/p>\n","protected":false},"author":1007,"featured_media":38588,"comment_status":"closed","ping_status":"closed","sticky":false,"template":"","format":"standard","meta":{"footnotes":""},"categories":[183],"tags":[],"coauthors":[210],"class_list":["post-38591","post","type-post","status-publish","format-standard","has-post-thumbnail","hentry","category-concursos-cpaq"],"_links":{"self":[{"href":"https:\/\/cpaq.ufms.br\/en\/wp-json\/wp\/v2\/posts\/38591","targetHints":{"allow":["GET"]}}],"collection":[{"href":"https:\/\/cpaq.ufms.br\/en\/wp-json\/wp\/v2\/posts"}],"about":[{"href":"https:\/\/cpaq.ufms.br\/en\/wp-json\/wp\/v2\/types\/post"}],"author":[{"embeddable":true,"href":"https:\/\/cpaq.ufms.br\/en\/wp-json\/wp\/v2\/users\/1007"}],"replies":[{"embeddable":true,"href":"https:\/\/cpaq.ufms.br\/en\/wp-json\/wp\/v2\/comments?post=38591"}],"version-history":[{"count":7,"href":"https:\/\/cpaq.ufms.br\/en\/wp-json\/wp\/v2\/posts\/38591\/revisions"}],"predecessor-version":[{"id":38727,"href":"https:\/\/cpaq.ufms.br\/en\/wp-json\/wp\/v2\/posts\/38591\/revisions\/38727"}],"wp:featuredmedia":[{"embeddable":true,"href":"https:\/\/cpaq.ufms.br\/en\/wp-json\/wp\/v2\/media\/38588"}],"wp:attachment":[{"href":"https:\/\/cpaq.ufms.br\/en\/wp-json\/wp\/v2\/media?parent=38591"}],"wp:term":[{"taxonomy":"category","embeddable":true,"href":"https:\/\/cpaq.ufms.br\/en\/wp-json\/wp\/v2\/categories?post=38591"},{"taxonomy":"post_tag","embeddable":true,"href":"https:\/\/cpaq.ufms.br\/en\/wp-json\/wp\/v2\/tags?post=38591"},{"taxonomy":"author","embeddable":true,"href":"https:\/\/cpaq.ufms.br\/en\/wp-json\/wp\/v2\/coauthors?post=38591"}],"curies":[{"name":"wp","href":"https:\/\/api.w.org\/{rel}","templated":true}]}}