{"id":3636,"date":"2015-11-30T10:24:38","date_gmt":"2015-11-30T14:24:38","guid":{"rendered":"http:\/\/cpaq.draconis.ufms.br\/?p=3636"},"modified":"2015-11-30T10:24:38","modified_gmt":"2015-11-30T14:24:38","slug":"aula-inaugural-curso-de-administracao","status":"publish","type":"post","link":"https:\/\/cpaq.ufms.br\/en\/aula-inaugural-curso-de-administracao\/","title":{"rendered":"AULA INAUGURAL &#8211; CURSO DE ADMINISTRA\u00c7\u00c3O"},"content":{"rendered":"<p>A coordena\u00e7\u00e3o do curso de Administra\u00e7\u00e3o UFMS\/CPAQ informa que a aula inaugural do in\u00edcio do semestre 2015-2 ser\u00e1 realizada hoje, 30\/11\/15 no audit\u00f3rio PAULO CORREA \u00a0a partir das 19:00 h na unidade II. Contamos com a participa\u00e7\u00e3o de todos VETERANOS e CALOUROS.<\/p>\n<p>Coordena\u00e7\u00e3o\u00a0\u00a0do Curso de Administra\u00e7\u00e3o<\/p>\n","protected":false},"excerpt":{"rendered":"<p>A coordena\u00e7\u00e3o do curso de Administra\u00e7\u00e3o UFMS\/CPAQ informa que a aula inaugural do in\u00edcio do semestre 2015-2 ser\u00e1 realizada hoje, 30\/11\/15 no audit\u00f3rio PAULO CORREA \u00a0a partir das 19:00 h na unidade II. Contamos com a participa\u00e7\u00e3o de todos VETERANOS e CALOUROS. Coordena\u00e7\u00e3o\u00a0\u00a0do Curso de Administra\u00e7\u00e3o<\/p>\n","protected":false},"author":1810,"featured_media":0,"comment_status":"closed","ping_status":"open","sticky":false,"template":"","format":"standard","meta":{"footnotes":""},"categories":[60],"tags":[],"coauthors":[],"class_list":["post-3636","post","type-post","status-publish","format-standard","hentry","category-noticias-administracao"],"_links":{"self":[{"href":"https:\/\/cpaq.ufms.br\/en\/wp-json\/wp\/v2\/posts\/3636","targetHints":{"allow":["GET"]}}],"collection":[{"href":"https:\/\/cpaq.ufms.br\/en\/wp-json\/wp\/v2\/posts"}],"about":[{"href":"https:\/\/cpaq.ufms.br\/en\/wp-json\/wp\/v2\/types\/post"}],"author":[{"embeddable":true,"href":"https:\/\/cpaq.ufms.br\/en\/wp-json\/wp\/v2\/users\/1810"}],"replies":[{"embeddable":true,"href":"https:\/\/cpaq.ufms.br\/en\/wp-json\/wp\/v2\/comments?post=3636"}],"version-history":[{"count":1,"href":"https:\/\/cpaq.ufms.br\/en\/wp-json\/wp\/v2\/posts\/3636\/revisions"}],"predecessor-version":[{"id":3637,"href":"https:\/\/cpaq.ufms.br\/en\/wp-json\/wp\/v2\/posts\/3636\/revisions\/3637"}],"wp:attachment":[{"href":"https:\/\/cpaq.ufms.br\/en\/wp-json\/wp\/v2\/media?parent=3636"}],"wp:term":[{"taxonomy":"category","embeddable":true,"href":"https:\/\/cpaq.ufms.br\/en\/wp-json\/wp\/v2\/categories?post=3636"},{"taxonomy":"post_tag","embeddable":true,"href":"https:\/\/cpaq.ufms.br\/en\/wp-json\/wp\/v2\/tags?post=3636"},{"taxonomy":"author","embeddable":true,"href":"https:\/\/cpaq.ufms.br\/en\/wp-json\/wp\/v2\/coauthors?post=3636"}],"curies":[{"name":"wp","href":"https:\/\/api.w.org\/{rel}","templated":true}]}}