{"id":3587,"date":"2015-11-24T09:03:10","date_gmt":"2015-11-24T13:03:10","guid":{"rendered":"http:\/\/cpaq.draconis.ufms.br\/?p=3587"},"modified":"2024-06-05T18:22:26","modified_gmt":"2024-06-05T22:22:26","slug":"selecao-de-bolsitas-pibid-matematica","status":"publish","type":"post","link":"https:\/\/cpaq.ufms.br\/en\/selecao-de-bolsitas-pibid-matematica\/","title":{"rendered":"Sele\u00e7\u00e3o de Bolsistas PIBID &#8211; Matem\u00e1tica"},"content":{"rendered":"<p>Prezados acad\u00eamicos,<\/p>\n<p>Est\u00e1 aberta a sele\u00e7\u00e3o de bolsitas para integrarem o Programa Institucional de Bolsa de Inicia\u00e7\u00e3o a Doc\u00eancia \u2013 PIBID.<\/p>\n<p>As inscri\u00e7\u00f5es ser\u00e3o realizadas entre os dias 23 a 27 de novembro de 2015, na sala da Coordena\u00e7\u00e3o do Curso de Matem\u00e1tica das 08h \u00e0s 11h e das 14h \u00e0s 17h com a Profa. Me. Susilene Garcia da S. Oliveira.<\/p>\n<p>O Curso disp\u00f5e de 02 vagas.\u00a0O bolsista selecionado receber\u00e1 uma bolsa mensal no valor de R$ 400,00 (quatrocentos reais), durante o per\u00edodo em que estiver vinculado ao PIBID.<\/p>\n<p>Crit\u00e9rios eliminat\u00f3rios e classificat\u00f3rios e demais informa\u00e7\u00f5es constam em edital fixado no mural ao lado da porta da sala da Coordena\u00e7\u00e3o do Curso de Matem\u00e1tica.<\/p>\n<p>O PIBID \u00e9 desenvolvido por grupos de acad\u00eamicos, com a tutoria de um docente do curso de gradua\u00e7\u00e3o e de um docente da rede p\u00fablica de ensino.<\/p>\n","protected":false},"excerpt":{"rendered":"<p>Prezados acad\u00eamicos, Est\u00e1 aberta a sele\u00e7\u00e3o de bolsitas para integrarem o Programa Institucional de Bolsa de Inicia\u00e7\u00e3o a Doc\u00eancia \u2013 PIBID. As inscri\u00e7\u00f5es ser\u00e3o realizadas entre os dias 23 a 27 de novembro de 2015, na sala da Coordena\u00e7\u00e3o do Curso de Matem\u00e1tica das 08h \u00e0s 11h e das 14h \u00e0s 17h com a Profa. [&hellip;]<\/p>\n","protected":false},"author":1867,"featured_media":3588,"comment_status":"closed","ping_status":"open","sticky":false,"template":"","format":"standard","meta":{"footnotes":""},"categories":[68,97],"tags":[],"coauthors":[101],"class_list":["post-3587","post","type-post","status-publish","format-standard","has-post-thumbnail","hentry","category-noticias-matematica","category-noticias-programas-institucionais-matematica"],"_links":{"self":[{"href":"https:\/\/cpaq.ufms.br\/en\/wp-json\/wp\/v2\/posts\/3587","targetHints":{"allow":["GET"]}}],"collection":[{"href":"https:\/\/cpaq.ufms.br\/en\/wp-json\/wp\/v2\/posts"}],"about":[{"href":"https:\/\/cpaq.ufms.br\/en\/wp-json\/wp\/v2\/types\/post"}],"author":[{"embeddable":true,"href":"https:\/\/cpaq.ufms.br\/en\/wp-json\/wp\/v2\/users\/1867"}],"replies":[{"embeddable":true,"href":"https:\/\/cpaq.ufms.br\/en\/wp-json\/wp\/v2\/comments?post=3587"}],"version-history":[{"count":3,"href":"https:\/\/cpaq.ufms.br\/en\/wp-json\/wp\/v2\/posts\/3587\/revisions"}],"predecessor-version":[{"id":34013,"href":"https:\/\/cpaq.ufms.br\/en\/wp-json\/wp\/v2\/posts\/3587\/revisions\/34013"}],"wp:featuredmedia":[{"embeddable":true,"href":"https:\/\/cpaq.ufms.br\/en\/wp-json\/wp\/v2\/media\/3588"}],"wp:attachment":[{"href":"https:\/\/cpaq.ufms.br\/en\/wp-json\/wp\/v2\/media?parent=3587"}],"wp:term":[{"taxonomy":"category","embeddable":true,"href":"https:\/\/cpaq.ufms.br\/en\/wp-json\/wp\/v2\/categories?post=3587"},{"taxonomy":"post_tag","embeddable":true,"href":"https:\/\/cpaq.ufms.br\/en\/wp-json\/wp\/v2\/tags?post=3587"},{"taxonomy":"author","embeddable":true,"href":"https:\/\/cpaq.ufms.br\/en\/wp-json\/wp\/v2\/coauthors?post=3587"}],"curies":[{"name":"wp","href":"https:\/\/api.w.org\/{rel}","templated":true}]}}