{"id":3538,"date":"2015-11-20T21:36:55","date_gmt":"2015-11-21T01:36:55","guid":{"rendered":"http:\/\/cpaq.draconis.ufms.br\/?p=3538"},"modified":"2024-06-05T18:23:36","modified_gmt":"2024-06-05T22:23:36","slug":"informativo-enade-2015","status":"publish","type":"post","link":"https:\/\/cpaq.ufms.br\/en\/informativo-enade-2015\/","title":{"rendered":"INFORMATIVO: ENADE 2015"},"content":{"rendered":"<p>Os discentes de Administra\u00e7\u00e3o selecionados para realizarem o ENADE \u00a02015, far\u00e3o prova na Escola Estadual Candido Mariano, S\/N\u00ba, Bairro: Guanandy, Aquidauana\/MS, sala 1, 2 ou 3 (verificar com a comiss\u00e3o que estar\u00e1 no local). Estava havendo diverg\u00eancia sobre o local de prova e a SECAC do campus informa que ser\u00e1 realizado no endere\u00e7o informado. Confira em anexo os selecionados, lembrando que o discente que n\u00e3o responder o question\u00e1rio e n\u00e3o realizar a prova ficar\u00e1 em situa\u00e7\u00e3o irregular tendo preju\u00edzo em seu processo de conclus\u00e3o de curso.<\/p>\n<p><a href=\"http:\/\/cpaq.draconis.ufms.br\/files\/2015\/11\/Inscritos-1.png\"><img fetchpriority=\"high\" decoding=\"async\" class=\"alignnone size-medium wp-image-3539\" src=\"http:\/\/cpaq.draconis.ufms.br\/files\/2015\/11\/Inscritos-1-300x191.png\" alt=\"Inscritos 1\" width=\"300\" height=\"191\" srcset=\"https:\/\/cpaq.ufms.br\/files\/2015\/11\/Inscritos-1-300x191.png 300w, https:\/\/cpaq.ufms.br\/files\/2015\/11\/Inscritos-1-503x320.png 503w, https:\/\/cpaq.ufms.br\/files\/2015\/11\/Inscritos-1.png 762w\" sizes=\"(max-width: 300px) 100vw, 300px\" \/><\/a> <a href=\"http:\/\/cpaq.draconis.ufms.br\/files\/2015\/11\/Inscritos.png\"><img decoding=\"async\" class=\"alignnone size-medium wp-image-3540\" src=\"http:\/\/cpaq.draconis.ufms.br\/files\/2015\/11\/Inscritos-258x300.png\" alt=\"Inscritos\" width=\"258\" height=\"300\" srcset=\"https:\/\/cpaq.ufms.br\/files\/2015\/11\/Inscritos-258x300.png 258w, https:\/\/cpaq.ufms.br\/files\/2015\/11\/Inscritos-276x320.png 276w, https:\/\/cpaq.ufms.br\/files\/2015\/11\/Inscritos.png 776w\" sizes=\"(max-width: 258px) 100vw, 258px\" \/><\/a><\/p>\n<p>Coordena\u00e7\u00e3o do Curso de Administra\u00e7\u00e3o<\/p>\n","protected":false},"excerpt":{"rendered":"<p>Os discentes de Administra\u00e7\u00e3o selecionados para realizarem o ENADE \u00a02015, far\u00e3o prova na Escola Estadual Candido Mariano, S\/N\u00ba, Bairro: Guanandy, Aquidauana\/MS, sala 1, 2 ou 3 (verificar com a comiss\u00e3o que estar\u00e1 no local). Estava havendo diverg\u00eancia sobre o local de prova e a SECAC do campus informa que ser\u00e1 realizado no endere\u00e7o informado. Confira [&hellip;]<\/p>\n","protected":false},"author":1810,"featured_media":0,"comment_status":"closed","ping_status":"open","sticky":false,"template":"","format":"standard","meta":{"footnotes":""},"categories":[60],"tags":[],"coauthors":[],"class_list":["post-3538","post","type-post","status-publish","format-standard","hentry","category-noticias-administracao"],"_links":{"self":[{"href":"https:\/\/cpaq.ufms.br\/en\/wp-json\/wp\/v2\/posts\/3538","targetHints":{"allow":["GET"]}}],"collection":[{"href":"https:\/\/cpaq.ufms.br\/en\/wp-json\/wp\/v2\/posts"}],"about":[{"href":"https:\/\/cpaq.ufms.br\/en\/wp-json\/wp\/v2\/types\/post"}],"author":[{"embeddable":true,"href":"https:\/\/cpaq.ufms.br\/en\/wp-json\/wp\/v2\/users\/1810"}],"replies":[{"embeddable":true,"href":"https:\/\/cpaq.ufms.br\/en\/wp-json\/wp\/v2\/comments?post=3538"}],"version-history":[{"count":1,"href":"https:\/\/cpaq.ufms.br\/en\/wp-json\/wp\/v2\/posts\/3538\/revisions"}],"predecessor-version":[{"id":3541,"href":"https:\/\/cpaq.ufms.br\/en\/wp-json\/wp\/v2\/posts\/3538\/revisions\/3541"}],"wp:attachment":[{"href":"https:\/\/cpaq.ufms.br\/en\/wp-json\/wp\/v2\/media?parent=3538"}],"wp:term":[{"taxonomy":"category","embeddable":true,"href":"https:\/\/cpaq.ufms.br\/en\/wp-json\/wp\/v2\/categories?post=3538"},{"taxonomy":"post_tag","embeddable":true,"href":"https:\/\/cpaq.ufms.br\/en\/wp-json\/wp\/v2\/tags?post=3538"},{"taxonomy":"author","embeddable":true,"href":"https:\/\/cpaq.ufms.br\/en\/wp-json\/wp\/v2\/coauthors?post=3538"}],"curies":[{"name":"wp","href":"https:\/\/api.w.org\/{rel}","templated":true}]}}