{"id":3528,"date":"2015-11-19T13:20:38","date_gmt":"2015-11-19T17:20:38","guid":{"rendered":"http:\/\/cpaq.draconis.ufms.br\/?p=3528"},"modified":"2024-06-05T18:24:17","modified_gmt":"2024-06-05T22:24:17","slug":"informativo-lista-secac-matriculados-em-tcc-ii-20152","status":"publish","type":"post","link":"https:\/\/cpaq.ufms.br\/en\/informativo-lista-secac-matriculados-em-tcc-ii-20152\/","title":{"rendered":"INFORMATIVO: LISTA SECAC &#8211; MATRICULADOS EM TCC II 2015\/2"},"content":{"rendered":"<p>Conforme disponibilizado pela SECAC, a lista em anexo corresponde a todos os discentes que confirmaram matr\u00edculas para TCC II. Caso tenha confirmado a matr\u00edcula em TCC II e n\u00e3o estiver aparecendo na lista, procurar a coordena\u00e7\u00e3o de curso at\u00e9 27\/11\/15 para resolver a pend\u00eancia.<\/p>\n<p><a href=\"http:\/\/cpaq.draconis.ufms.br\/files\/2015\/11\/Lista-de-Matriculados-em-TCC-II.pdf\">Lista de Matriculados em TCC II<\/a><\/p>\n<p>Prof. Andr\u00e9 Luiz Francisco<\/p>\n<p>Coordenador do Curso de Administra\u00e7\u00e3o<\/p>\n","protected":false},"excerpt":{"rendered":"<p>Conforme disponibilizado pela SECAC, a lista em anexo corresponde a todos os discentes que confirmaram matr\u00edculas para TCC II. Caso tenha confirmado a matr\u00edcula em TCC II e n\u00e3o estiver aparecendo na lista, procurar a coordena\u00e7\u00e3o de curso at\u00e9 27\/11\/15 para resolver a pend\u00eancia. Lista de Matriculados em TCC II Prof. Andr\u00e9 Luiz Francisco Coordenador [&hellip;]<\/p>\n","protected":false},"author":1810,"featured_media":0,"comment_status":"closed","ping_status":"open","sticky":false,"template":"","format":"standard","meta":{"footnotes":""},"categories":[60],"tags":[],"coauthors":[],"class_list":["post-3528","post","type-post","status-publish","format-standard","hentry","category-noticias-administracao"],"_links":{"self":[{"href":"https:\/\/cpaq.ufms.br\/en\/wp-json\/wp\/v2\/posts\/3528","targetHints":{"allow":["GET"]}}],"collection":[{"href":"https:\/\/cpaq.ufms.br\/en\/wp-json\/wp\/v2\/posts"}],"about":[{"href":"https:\/\/cpaq.ufms.br\/en\/wp-json\/wp\/v2\/types\/post"}],"author":[{"embeddable":true,"href":"https:\/\/cpaq.ufms.br\/en\/wp-json\/wp\/v2\/users\/1810"}],"replies":[{"embeddable":true,"href":"https:\/\/cpaq.ufms.br\/en\/wp-json\/wp\/v2\/comments?post=3528"}],"version-history":[{"count":1,"href":"https:\/\/cpaq.ufms.br\/en\/wp-json\/wp\/v2\/posts\/3528\/revisions"}],"predecessor-version":[{"id":3530,"href":"https:\/\/cpaq.ufms.br\/en\/wp-json\/wp\/v2\/posts\/3528\/revisions\/3530"}],"wp:attachment":[{"href":"https:\/\/cpaq.ufms.br\/en\/wp-json\/wp\/v2\/media?parent=3528"}],"wp:term":[{"taxonomy":"category","embeddable":true,"href":"https:\/\/cpaq.ufms.br\/en\/wp-json\/wp\/v2\/categories?post=3528"},{"taxonomy":"post_tag","embeddable":true,"href":"https:\/\/cpaq.ufms.br\/en\/wp-json\/wp\/v2\/tags?post=3528"},{"taxonomy":"author","embeddable":true,"href":"https:\/\/cpaq.ufms.br\/en\/wp-json\/wp\/v2\/coauthors?post=3528"}],"curies":[{"name":"wp","href":"https:\/\/api.w.org\/{rel}","templated":true}]}}