{"id":35143,"date":"2024-10-23T11:02:19","date_gmt":"2024-10-23T15:02:19","guid":{"rendered":"https:\/\/cpaq.ufms.br\/?p=35143"},"modified":"2024-10-23T11:02:19","modified_gmt":"2024-10-23T15:02:19","slug":"aberta-pre-selecao-para-mobilidade-academica-internacional-a-distancia-na-colombia","status":"publish","type":"post","link":"https:\/\/cpaq.ufms.br\/en\/aberta-pre-selecao-para-mobilidade-academica-internacional-a-distancia-na-colombia\/","title":{"rendered":"Aberta pr\u00e9-sele\u00e7\u00e3o para mobilidade acad\u00eamica internacional a dist\u00e2ncia na Col\u00f4mbia"},"content":{"rendered":"<p style=\"text-align: justify\">Estudantes de gradua\u00e7\u00e3o, mestrado e doutorado t\u00eam at\u00e9 25 de outubro para inscri\u00e7\u00e3o na pr\u00e9-sele\u00e7\u00e3o voltada \u00e0 mobilidade acad\u00eamica internacional a dist\u00e2ncia na Universidade Nacional Aberta e a Dist\u00e2ncia (Unad), da Col\u00f4mbia. O per\u00edodo ser\u00e1 de fevereiro a julho de 2025 e a inscri\u00e7\u00e3o deve ser feita no\u00a0<a href=\"https:\/\/sigproj.ufms.br\/publico\/editais\" target=\"_blank\" rel=\"noopener\">Sistema de informa\u00e7\u00e3o e Gest\u00e3o Acad\u00eamica (Sigproj)<\/a>.<\/p>\n<p style=\"text-align: justify\">\u201c\u00c9 uma oportunidade para estudantes que queiram fazer uma disciplina em uma universidade estrangeira, queiram adquirir um conhecimento a mais e tamb\u00e9m exercitando uma outra l\u00edngua e n\u00e3o podem fazer isso presencialmente, em outro pa\u00eds\u201d, ressalta a servidora da Secretaria de Rela\u00e7\u00f5es Internacionais da Ag\u00eancia de Internacionaliza\u00e7\u00e3o e de Inova\u00e7\u00e3o (Aginova), J\u00e9ssica Milit\u00e3o.<\/p>\n<p style=\"text-align: justify\">A previs\u00e3o \u00e9 de que a Unad ofere\u00e7a at\u00e9 cinco vagas para todos os seus parceiros internacionais nos mais de 50 cursos dispon\u00edveis. As forma\u00e7\u00f5es s\u00e3o em diversas \u00e1reas do conhecimento, entre elas: administra\u00e7\u00e3o e gest\u00e3o, agronomia, artes visuais, biotecnologia, ci\u00eancia pol\u00edtica, comunica\u00e7\u00e3o, contabilidade, direito, educa\u00e7\u00e3o e pedagogia, engenharias, filosofia, inform\u00e1tica e tecnologia da informa\u00e7\u00e3o, matem\u00e1tica, sa\u00fade, sociologia e zootecnia. As disciplinas que poder\u00e3o ser cursadas a dist\u00e2ncia pelos selecionados est\u00e3o no\u00a0<a href=\"https:\/\/aginova.ufms.br\/sobre-aginova\/competencias\/internacionalizacao\/quadro-de-oportunidades-de-mobilidade-academica-internacional-2024\/\" target=\"_blank\" rel=\"noopener\">Quadro de Oportunidades, na p\u00e1gina da Aginova<\/a>.<\/p>\n<p style=\"text-align: justify\">Segundo a t\u00e9cnica-administrativa, esta \u00e9 a primeira oferta a partir da coopera\u00e7\u00e3o com a Unad e a pr\u00e9-sele\u00e7\u00e3o \u00e9 feita para que o interessado possa proceder \u00e0 candidatura junto \u00e0 universidade colombiana. A servidora destaca, por\u00e9m, que a pr\u00e9-sele\u00e7\u00e3o e a candidatura n\u00e3o garantem o aceite da institui\u00e7\u00e3o estrangeira.<\/p>\n<p style=\"text-align: justify\">Para participar \u00e9 preciso atender aos requisitos estabelecidos pelo\u00a0<a href=\"https:\/\/boletimoficial.ufms.br\/bse\/publicacao?id=514570\" target=\"_blank\" rel=\"noopener\">edital N\u00ba 05\/2024<\/a>. Os estudantes de gradua\u00e7\u00e3o devem tamb\u00e9m ter integralizado no m\u00ednimo 20% e no m\u00e1ximo 80% da carga hor\u00e1ria de seu curso e apresentar m\u00e9dia geral acad\u00eamica superior a 6,5. Mais informa\u00e7\u00f5es podem ser obtidas junto \u00e0 Aginova.<\/p>\n<p>&nbsp;<\/p>\n<p>&nbsp;<\/p>\n<p style=\"text-align: justify\"><i>Texto: Ariane Comineti\u00a0<\/i><\/p>\n","protected":false},"excerpt":{"rendered":"<p>Estudantes de gradua\u00e7\u00e3o, mestrado e doutorado t\u00eam at\u00e9 25 de outubro para inscri\u00e7\u00e3o na pr\u00e9-sele\u00e7\u00e3o voltada \u00e0 mobilidade acad\u00eamica internacional a dist\u00e2ncia na Universidade Nacional Aberta e a Dist\u00e2ncia (Unad), da Col\u00f4mbia. O per\u00edodo ser\u00e1 de fevereiro a julho de 2025 e a inscri\u00e7\u00e3o deve ser feita no\u00a0Sistema de informa\u00e7\u00e3o e Gest\u00e3o Acad\u00eamica (Sigproj). \u201c\u00c9 [&hellip;]<\/p>\n","protected":false},"author":46280,"featured_media":35144,"comment_status":"closed","ping_status":"closed","sticky":false,"template":"","format":"standard","meta":{"footnotes":""},"categories":[38,37,1],"tags":[],"coauthors":[],"class_list":["post-35143","post","type-post","status-publish","format-standard","has-post-thumbnail","hentry","category-cpaq","category-destaques","category-noticias"],"_links":{"self":[{"href":"https:\/\/cpaq.ufms.br\/en\/wp-json\/wp\/v2\/posts\/35143","targetHints":{"allow":["GET"]}}],"collection":[{"href":"https:\/\/cpaq.ufms.br\/en\/wp-json\/wp\/v2\/posts"}],"about":[{"href":"https:\/\/cpaq.ufms.br\/en\/wp-json\/wp\/v2\/types\/post"}],"author":[{"embeddable":true,"href":"https:\/\/cpaq.ufms.br\/en\/wp-json\/wp\/v2\/users\/46280"}],"replies":[{"embeddable":true,"href":"https:\/\/cpaq.ufms.br\/en\/wp-json\/wp\/v2\/comments?post=35143"}],"version-history":[{"count":1,"href":"https:\/\/cpaq.ufms.br\/en\/wp-json\/wp\/v2\/posts\/35143\/revisions"}],"predecessor-version":[{"id":35145,"href":"https:\/\/cpaq.ufms.br\/en\/wp-json\/wp\/v2\/posts\/35143\/revisions\/35145"}],"wp:featuredmedia":[{"embeddable":true,"href":"https:\/\/cpaq.ufms.br\/en\/wp-json\/wp\/v2\/media\/35144"}],"wp:attachment":[{"href":"https:\/\/cpaq.ufms.br\/en\/wp-json\/wp\/v2\/media?parent=35143"}],"wp:term":[{"taxonomy":"category","embeddable":true,"href":"https:\/\/cpaq.ufms.br\/en\/wp-json\/wp\/v2\/categories?post=35143"},{"taxonomy":"post_tag","embeddable":true,"href":"https:\/\/cpaq.ufms.br\/en\/wp-json\/wp\/v2\/tags?post=35143"},{"taxonomy":"author","embeddable":true,"href":"https:\/\/cpaq.ufms.br\/en\/wp-json\/wp\/v2\/coauthors?post=35143"}],"curies":[{"name":"wp","href":"https:\/\/api.w.org\/{rel}","templated":true}]}}