{"id":3487,"date":"2015-11-16T10:50:39","date_gmt":"2015-11-16T14:50:39","guid":{"rendered":"http:\/\/cpaq.draconis.ufms.br\/?p=3487"},"modified":"2024-06-05T18:25:19","modified_gmt":"2024-06-05T22:25:19","slug":"inicio-das-aulas-2015-2","status":"publish","type":"post","link":"https:\/\/cpaq.ufms.br\/en\/inicio-das-aulas-2015-2\/","title":{"rendered":"IN\u00cdCIO DAS AULAS 2015-2"},"content":{"rendered":"<p>O curso de Administra\u00e7\u00e3o informa, que as aulas no segundo semestre de 2015, tanto para Veteranos quanto Calouros ter\u00e3o in\u00edcio no dia 30\/11\/15.<\/p>\n<p>&nbsp;<\/p>\n","protected":false},"excerpt":{"rendered":"<p>O curso de Administra\u00e7\u00e3o informa, que as aulas no segundo semestre de 2015, tanto para Veteranos quanto Calouros ter\u00e3o in\u00edcio no dia 30\/11\/15. &nbsp;<\/p>\n","protected":false},"author":1810,"featured_media":0,"comment_status":"closed","ping_status":"open","sticky":false,"template":"","format":"standard","meta":{"footnotes":""},"categories":[60],"tags":[],"coauthors":[],"class_list":["post-3487","post","type-post","status-publish","format-standard","hentry","category-noticias-administracao"],"_links":{"self":[{"href":"https:\/\/cpaq.ufms.br\/en\/wp-json\/wp\/v2\/posts\/3487","targetHints":{"allow":["GET"]}}],"collection":[{"href":"https:\/\/cpaq.ufms.br\/en\/wp-json\/wp\/v2\/posts"}],"about":[{"href":"https:\/\/cpaq.ufms.br\/en\/wp-json\/wp\/v2\/types\/post"}],"author":[{"embeddable":true,"href":"https:\/\/cpaq.ufms.br\/en\/wp-json\/wp\/v2\/users\/1810"}],"replies":[{"embeddable":true,"href":"https:\/\/cpaq.ufms.br\/en\/wp-json\/wp\/v2\/comments?post=3487"}],"version-history":[{"count":1,"href":"https:\/\/cpaq.ufms.br\/en\/wp-json\/wp\/v2\/posts\/3487\/revisions"}],"predecessor-version":[{"id":3488,"href":"https:\/\/cpaq.ufms.br\/en\/wp-json\/wp\/v2\/posts\/3487\/revisions\/3488"}],"wp:attachment":[{"href":"https:\/\/cpaq.ufms.br\/en\/wp-json\/wp\/v2\/media?parent=3487"}],"wp:term":[{"taxonomy":"category","embeddable":true,"href":"https:\/\/cpaq.ufms.br\/en\/wp-json\/wp\/v2\/categories?post=3487"},{"taxonomy":"post_tag","embeddable":true,"href":"https:\/\/cpaq.ufms.br\/en\/wp-json\/wp\/v2\/tags?post=3487"},{"taxonomy":"author","embeddable":true,"href":"https:\/\/cpaq.ufms.br\/en\/wp-json\/wp\/v2\/coauthors?post=3487"}],"curies":[{"name":"wp","href":"https:\/\/api.w.org\/{rel}","templated":true}]}}