{"id":3440,"date":"2015-11-10T07:44:08","date_gmt":"2015-11-10T11:44:08","guid":{"rendered":"http:\/\/cpaq.draconis.ufms.br\/?p=3440"},"modified":"2024-06-05T18:16:21","modified_gmt":"2024-06-05T22:16:21","slug":"noticias-do-pibid-pedagogia","status":"publish","type":"post","link":"https:\/\/cpaq.ufms.br\/en\/noticias-do-pibid-pedagogia\/","title":{"rendered":"Not\u00edcias do PIBID &#8211; Pedagogia"},"content":{"rendered":"<p>Em breve, informa\u00e7\u00f5es sobre o PIBID, \u00e1rea Pedagogia.<\/p>\n","protected":false},"excerpt":{"rendered":"<p>Em breve, informa\u00e7\u00f5es sobre o PIBID, \u00e1rea Pedagogia.<\/p>\n","protected":false},"author":2904,"featured_media":0,"comment_status":"closed","ping_status":"open","sticky":false,"template":"","format":"standard","meta":{"footnotes":""},"categories":[100],"tags":[],"coauthors":[94],"class_list":["post-3440","post","type-post","status-publish","format-standard","hentry","category-noticias-programas-institucionais-pedagogia"],"_links":{"self":[{"href":"https:\/\/cpaq.ufms.br\/en\/wp-json\/wp\/v2\/posts\/3440","targetHints":{"allow":["GET"]}}],"collection":[{"href":"https:\/\/cpaq.ufms.br\/en\/wp-json\/wp\/v2\/posts"}],"about":[{"href":"https:\/\/cpaq.ufms.br\/en\/wp-json\/wp\/v2\/types\/post"}],"author":[{"embeddable":true,"href":"https:\/\/cpaq.ufms.br\/en\/wp-json\/wp\/v2\/users\/2904"}],"replies":[{"embeddable":true,"href":"https:\/\/cpaq.ufms.br\/en\/wp-json\/wp\/v2\/comments?post=3440"}],"version-history":[{"count":1,"href":"https:\/\/cpaq.ufms.br\/en\/wp-json\/wp\/v2\/posts\/3440\/revisions"}],"predecessor-version":[{"id":3441,"href":"https:\/\/cpaq.ufms.br\/en\/wp-json\/wp\/v2\/posts\/3440\/revisions\/3441"}],"wp:attachment":[{"href":"https:\/\/cpaq.ufms.br\/en\/wp-json\/wp\/v2\/media?parent=3440"}],"wp:term":[{"taxonomy":"category","embeddable":true,"href":"https:\/\/cpaq.ufms.br\/en\/wp-json\/wp\/v2\/categories?post=3440"},{"taxonomy":"post_tag","embeddable":true,"href":"https:\/\/cpaq.ufms.br\/en\/wp-json\/wp\/v2\/tags?post=3440"},{"taxonomy":"author","embeddable":true,"href":"https:\/\/cpaq.ufms.br\/en\/wp-json\/wp\/v2\/coauthors?post=3440"}],"curies":[{"name":"wp","href":"https:\/\/api.w.org\/{rel}","templated":true}]}}