{"id":3400,"date":"2015-11-08T13:09:37","date_gmt":"2015-11-08T17:09:37","guid":{"rendered":"http:\/\/cpaq.draconis.ufms.br\/?p=3400"},"modified":"2024-06-05T18:16:55","modified_gmt":"2024-06-05T22:16:55","slug":"sessao-publica-apresentacao-de-tcc","status":"publish","type":"post","link":"https:\/\/cpaq.ufms.br\/en\/sessao-publica-apresentacao-de-tcc\/","title":{"rendered":"SESS\u00c3O P\u00daBLICA: APRESENTA\u00c7\u00c3O DE TCC"},"content":{"rendered":"<p>O curso de Administra\u00e7\u00e3o respeitosamente convida docentes, discentes e a comunidade local para prestigiarem as apresenta\u00e7\u00f5es de Trabalho de Conclus\u00e3o de Curso (TCC).<\/p>\n<p>Data: 09\/11\/15 e 10\/11\/15<\/p>\n<p>hor\u00e1rio: nos dois dias a partir da 13:00h<\/p>\n<p>Local: Anfiteatro Paulo Correa\u00a0&#8211; UFMS (unidade II)<\/p>\n<p>Cronograma de Apresenta\u00e7\u00f5es: Conforme arquivo anexo.<\/p>\n<p><a href=\"http:\/\/cpaq.draconis.ufms.br\/files\/2015\/11\/CRONOGRAMA-DE-APRESENTA\u00c7\u00c3O-TCC-2015-1.pdf\">CRONOGRAMA DE APRESENTA\u00c7\u00c3O TCC 2015-1<\/a><\/p>\n<p>&nbsp;<\/p>\n","protected":false},"excerpt":{"rendered":"<p>O curso de Administra\u00e7\u00e3o respeitosamente convida docentes, discentes e a comunidade local para prestigiarem as apresenta\u00e7\u00f5es de Trabalho de Conclus\u00e3o de Curso (TCC). Data: 09\/11\/15 e 10\/11\/15 hor\u00e1rio: nos dois dias a partir da 13:00h Local: Anfiteatro Paulo Correa\u00a0&#8211; UFMS (unidade II) Cronograma de Apresenta\u00e7\u00f5es: Conforme arquivo anexo. CRONOGRAMA DE APRESENTA\u00c7\u00c3O TCC 2015-1 &nbsp;<\/p>\n","protected":false},"author":1810,"featured_media":0,"comment_status":"closed","ping_status":"open","sticky":false,"template":"","format":"standard","meta":{"footnotes":""},"categories":[60],"tags":[],"coauthors":[],"class_list":["post-3400","post","type-post","status-publish","format-standard","hentry","category-noticias-administracao"],"_links":{"self":[{"href":"https:\/\/cpaq.ufms.br\/en\/wp-json\/wp\/v2\/posts\/3400","targetHints":{"allow":["GET"]}}],"collection":[{"href":"https:\/\/cpaq.ufms.br\/en\/wp-json\/wp\/v2\/posts"}],"about":[{"href":"https:\/\/cpaq.ufms.br\/en\/wp-json\/wp\/v2\/types\/post"}],"author":[{"embeddable":true,"href":"https:\/\/cpaq.ufms.br\/en\/wp-json\/wp\/v2\/users\/1810"}],"replies":[{"embeddable":true,"href":"https:\/\/cpaq.ufms.br\/en\/wp-json\/wp\/v2\/comments?post=3400"}],"version-history":[{"count":2,"href":"https:\/\/cpaq.ufms.br\/en\/wp-json\/wp\/v2\/posts\/3400\/revisions"}],"predecessor-version":[{"id":3405,"href":"https:\/\/cpaq.ufms.br\/en\/wp-json\/wp\/v2\/posts\/3400\/revisions\/3405"}],"wp:attachment":[{"href":"https:\/\/cpaq.ufms.br\/en\/wp-json\/wp\/v2\/media?parent=3400"}],"wp:term":[{"taxonomy":"category","embeddable":true,"href":"https:\/\/cpaq.ufms.br\/en\/wp-json\/wp\/v2\/categories?post=3400"},{"taxonomy":"post_tag","embeddable":true,"href":"https:\/\/cpaq.ufms.br\/en\/wp-json\/wp\/v2\/tags?post=3400"},{"taxonomy":"author","embeddable":true,"href":"https:\/\/cpaq.ufms.br\/en\/wp-json\/wp\/v2\/coauthors?post=3400"}],"curies":[{"name":"wp","href":"https:\/\/api.w.org\/{rel}","templated":true}]}}