{"id":31249,"date":"2022-08-09T15:28:14","date_gmt":"2022-08-09T19:28:14","guid":{"rendered":"https:\/\/cpaq.ufms.br\/?p=31249"},"modified":"2022-08-09T17:56:27","modified_gmt":"2022-08-09T21:56:27","slug":"chamada-publica-de-selecao-de-academicos-voluntarios-para-atuacao-em-projeto-de-extensao","status":"publish","type":"post","link":"https:\/\/cpaq.ufms.br\/en\/chamada-publica-de-selecao-de-academicos-voluntarios-para-atuacao-em-projeto-de-extensao\/","title":{"rendered":"CHAMADA P\u00daBLICA DE SELE\u00c7\u00c3O DE ACAD\u00caMICOS VOLUNT\u00c1RIOS PARA ATUA\u00c7\u00c3O EM PROJETO DE EXTENS\u00c3O"},"content":{"rendered":"<p style=\"text-align: justify\">O Centro de Documenta\u00e7\u00e3o Hist\u00f3rica \u2013 CeDHis \u2013 do C\u00e2mpus de Aquidauanada Universidade Federal de Mato Grosso do Sul (UFMS) tornou p\u00fablica a abertura de inscri\u00e7\u00f5es para sele\u00e7\u00e3o de acad\u00eamicos dos cursos de gradua\u00e7\u00e3o do C\u00e2mpus de Aquidauna da UFMS para atuar voluntariamente no projeto de extens\u00e3o \u201cMem\u00f3rias de Aquidauana: Organiza\u00e7\u00e3o, Conserva\u00e7\u00e3o e Divulga\u00e7\u00e3o do Acervo do CeDHis\/CPAA ao P\u00fablico Externo\u201d, coordenado pelos professores Aguinaldo Rodrigues Gomes e Miguel Rodrigues de Sousa Neto.<\/p>\n<p>Per\u00edodo de inscri\u00e7\u00e3o: 8 de agosto de 2022 a 12 de agosto de 2022 (at\u00e9 as 23h59min considerando o hor\u00e1rio de Mato Grosso do Sul)<\/p>\n<p>Forma de inscri\u00e7\u00e3o: Os candidatos devem enviar para o e-mail: miguel.rs.neto@ufms.br:<br \/>\na) Ficha de Inscri\u00e7\u00e3o (Anexo I);<br \/>\nb) Comprovante de matr\u00edcula;<br \/>\nc) Hist\u00f3rico Escolar Simplificado;<br \/>\nd) Carta de interesse do candidato (Anexo II);<br \/>\ne) Em caso de o candidato j\u00e1 ter sido bolsista e\/ou participante em projetos ou possuir<br \/>\nexperi\u00eancia na \u00e1rea, enviar comprovante da atividade.<\/p>\n<p>Todas as informa\u00e7\u00f5es sobre o projeto encontram-se no edital abaixo:<\/p>\n<a href=\"https:\/\/cpaq.ufms.br\/files\/2022\/08\/Edital-Proj-Com-de-Documentacao-8-de-agosto-de-2022.pdf\" class=\"pdfemb-viewer\" style=\"\" data-width=\"max\" data-height=\"max\" data-toolbar=\"bottom\" data-toolbar-fixed=\"off\">Edital Proj Com de Documenta\u00e7\u00e3o 8 de agosto de 2022<\/a>\n","protected":false},"excerpt":{"rendered":"<p>O Centro de Documenta\u00e7\u00e3o Hist\u00f3rica \u2013 CeDHis \u2013 do C\u00e2mpus de Aquidauanada Universidade Federal de Mato Grosso do Sul (UFMS) tornou p\u00fablica a abertura de inscri\u00e7\u00f5es para sele\u00e7\u00e3o de acad\u00eamicos dos cursos de gradua\u00e7\u00e3o do C\u00e2mpus de Aquidauna da UFMS para atuar voluntariamente no projeto de extens\u00e3o \u201cMem\u00f3rias de Aquidauana: Organiza\u00e7\u00e3o, Conserva\u00e7\u00e3o e Divulga\u00e7\u00e3o do [&hellip;]<\/p>\n","protected":false},"author":46280,"featured_media":31254,"comment_status":"closed","ping_status":"closed","sticky":false,"template":"","format":"standard","meta":{"footnotes":""},"categories":[38,37,110,39,1,184],"tags":[],"coauthors":[],"class_list":["post-31249","post","type-post","status-publish","format-standard","has-post-thumbnail","hentry","category-cpaq","category-destaques","category-editais-academicos-importantes","category-grad","category-noticias","category-projetos_institucionais"],"_links":{"self":[{"href":"https:\/\/cpaq.ufms.br\/en\/wp-json\/wp\/v2\/posts\/31249","targetHints":{"allow":["GET"]}}],"collection":[{"href":"https:\/\/cpaq.ufms.br\/en\/wp-json\/wp\/v2\/posts"}],"about":[{"href":"https:\/\/cpaq.ufms.br\/en\/wp-json\/wp\/v2\/types\/post"}],"author":[{"embeddable":true,"href":"https:\/\/cpaq.ufms.br\/en\/wp-json\/wp\/v2\/users\/46280"}],"replies":[{"embeddable":true,"href":"https:\/\/cpaq.ufms.br\/en\/wp-json\/wp\/v2\/comments?post=31249"}],"version-history":[{"count":3,"href":"https:\/\/cpaq.ufms.br\/en\/wp-json\/wp\/v2\/posts\/31249\/revisions"}],"predecessor-version":[{"id":31255,"href":"https:\/\/cpaq.ufms.br\/en\/wp-json\/wp\/v2\/posts\/31249\/revisions\/31255"}],"wp:featuredmedia":[{"embeddable":true,"href":"https:\/\/cpaq.ufms.br\/en\/wp-json\/wp\/v2\/media\/31254"}],"wp:attachment":[{"href":"https:\/\/cpaq.ufms.br\/en\/wp-json\/wp\/v2\/media?parent=31249"}],"wp:term":[{"taxonomy":"category","embeddable":true,"href":"https:\/\/cpaq.ufms.br\/en\/wp-json\/wp\/v2\/categories?post=31249"},{"taxonomy":"post_tag","embeddable":true,"href":"https:\/\/cpaq.ufms.br\/en\/wp-json\/wp\/v2\/tags?post=31249"},{"taxonomy":"author","embeddable":true,"href":"https:\/\/cpaq.ufms.br\/en\/wp-json\/wp\/v2\/coauthors?post=31249"}],"curies":[{"name":"wp","href":"https:\/\/api.w.org\/{rel}","templated":true}]}}