{"id":30519,"date":"2022-05-06T10:23:47","date_gmt":"2022-05-06T14:23:47","guid":{"rendered":"https:\/\/cpaq.ufms.br\/?p=30519"},"modified":"2022-05-27T13:36:17","modified_gmt":"2022-05-27T17:36:17","slug":"processos-seletivos-de-candidatos-as-vagas-de-professor-substituto-2022-2","status":"publish","type":"post","link":"https:\/\/cpaq.ufms.br\/en\/processos-seletivos-de-candidatos-as-vagas-de-professor-substituto-2022-2\/","title":{"rendered":"Processos seletivos de candidatos \u00e0s vagas de Professor Substituto 2022-2"},"content":{"rendered":"<p style=\"text-align: justify\"><strong data-uw-styling-context=\"true\">Professor Substituto 2022\/2 \u2013 \u00c1rea Lingu\u00edstica, Letras e Artes\/Lingu\u00edstica\/Lingu\u00edstica, Letras e Artes\/L\u00edngua Portuguesa<\/strong><\/p>\n<p data-uw-styling-context=\"true\">Edital de resultado final: <a href=\"https:\/\/drive.google.com\/file\/d\/11TUf_k36b6bCxwgIVnCdB1vOByyofBF9\/view?usp=sharing\">clique aqui<\/a><\/p>\n<p data-uw-styling-context=\"true\">Ata de avalia\u00e7\u00e3o da prova de t\u00edtulos: <a href=\"https:\/\/drive.google.com\/file\/d\/1C2gZqLsGpLcwAPfehQxCgbV6IbctSKVd\/view?usp=sharing\">clique aqui<\/a><\/p>\n<p data-uw-styling-context=\"true\">Ata de avalia\u00e7\u00e3o da prova did\u00e1tica: <a href=\"https:\/\/drive.google.com\/file\/d\/1aN3w628B-MQ9AfP7Whk084hFTb_SI9HM\/view?usp=sharing\">clique aqui<\/a><\/p>\n<p data-uw-styling-context=\"true\">Ata de avalia\u00e7\u00e3o da prova escrita: <a href=\"https:\/\/drive.google.com\/file\/d\/1Bap6KpRDSlWFg9udP0i1EkBFT5zw_yYV\/view?usp=sharing\">clique aqui<\/a><\/p>\n<p data-uw-styling-context=\"true\">Prova did\u00e1tica &#8211; candidato Pedro de Melo: <a href=\"https:\/\/drive.google.com\/file\/d\/1EDrKCqVnqWwJkR1rlFcxNKDTWfzNK0X5\/view?usp=sharing\">clique aqui<\/a><\/p>\n<p data-uw-styling-context=\"true\">Ata de sorteio do tema da prova did\u00e1tica: <a href=\"https:\/\/drive.google.com\/file\/d\/1P2Pa2MhCjTo9UvCcpec3fRnprWrQ5y5n\/view?usp=sharing\">clique aqui<\/a><\/p>\n<p data-uw-styling-context=\"true\">Edital de homologa\u00e7\u00e3o das inscri\u00e7\u00f5es: <a href=\"https:\/\/drive.google.com\/file\/d\/1t5VZPQDJKaD3uu-VCOQA4rb79lkDLdve\/view?usp=sharing\">clique aqui<\/a><\/p>\n<p data-uw-styling-context=\"true\">Ata de encerramento das inscri\u00e7\u00f5es: <a href=\"https:\/\/drive.google.com\/file\/d\/1QtlOk2yBIn68WTtcEyJwl2bcSS0Byoiz\/view?usp=sharing\">clique aqui<\/a><\/p>\n<p style=\"text-align: justify\" data-uw-styling-context=\"true\">Edital de abertura:\u00a0<a href=\"https:\/\/boletimoficial.ufms.br\/bse\/publicacao?id=455602\">clique aqui<\/a><\/p>\n<p style=\"text-align: justify\" data-uw-styling-context=\"true\"><strong data-uw-styling-context=\"true\">Professor Substituto 2022\/2 \u2013 \u00c1rea Letras e Artes\/Letras\/L\u00ednguas Estrangeiras Modernas\/L\u00edngua Inglesa<\/strong><\/p>\n<p data-uw-styling-context=\"true\">Edital de resultado final: <a href=\"https:\/\/drive.google.com\/file\/d\/1EfqsBDfYQ8k7DFW3aZQeX5GZjEMqcYLi\/view?usp=sharing\">clique aqui<\/a><\/p>\n<p data-uw-styling-context=\"true\">Ata de avalia\u00e7\u00e3o da prova de t\u00edtulos: <a href=\"https:\/\/drive.google.com\/file\/d\/1BcagBj1lJjSSBhWyK2PZzscrg9n5BIYu\/view?usp=sharing\">clique aqui<\/a><\/p>\n<p data-uw-styling-context=\"true\">Ata de avalia\u00e7\u00e3o da prova did\u00e1tica: <a href=\"https:\/\/drive.google.com\/file\/d\/1sTSGSPftobVggPtWBJm6O_ZcHvf0s-GF\/view?usp=sharing\">clique aqui<\/a><\/p>\n<p data-uw-styling-context=\"true\">Ata de avalia\u00e7\u00e3o da prova escrita: <a href=\"https:\/\/drive.google.com\/file\/d\/17kmvDiTQwiRRzjhQWG_94uwbwo3CQWh-\/view?usp=sharing\">clique aqui<\/a><\/p>\n<p data-uw-styling-context=\"true\">Ata de sorteio do tema da prova did\u00e1tica: <a href=\"https:\/\/drive.google.com\/file\/d\/1PcHgISgiLS9bruhpK8fZTOEKxD8u2BMs\/view?usp=sharing\">clique aqui<\/a><\/p>\n<p data-uw-styling-context=\"true\">Edital de homologa\u00e7\u00e3o das inscri\u00e7\u00f5es: <a href=\"https:\/\/drive.google.com\/file\/d\/1evF1mVXFGgGFPReaBD67YrHnIUEtKHGA\/view?usp=sharing\">clique aqui<\/a><\/p>\n<p data-uw-styling-context=\"true\">Ata de encerramento das inscri\u00e7\u00f5es: <a href=\"https:\/\/drive.google.com\/file\/d\/1fw1dh2agh7cMxWrkP00N4dJkNPIDPSs8\/view?usp=sharing\">clique aqui<\/a><\/p>\n<p data-uw-styling-context=\"true\">Ata de altera\u00e7\u00e3o de titula\u00e7\u00e3o: <a href=\"https:\/\/drive.google.com\/file\/d\/18zpCpDhxJE1VhDpSclTpdKM4iyFMofVF\/view?usp=sharing\">clique aqui<\/a><\/p>\n<p style=\"text-align: justify\" data-uw-styling-context=\"true\">Edital de abertura: <a href=\"https:\/\/boletimoficial.ufms.br\/bse\/publicacao?id=455663\">clique aqui<\/a><\/p>\n<p style=\"text-align: justify\" data-uw-styling-context=\"true\"><strong>Professor Substituto 2022\/2 &#8211; \u00c1rea Matem\u00e1tica\/Matem\u00e1tica Aplicada<\/strong><\/p>\n<p data-uw-styling-context=\"true\">Edital de resultado final: <a href=\"https:\/\/drive.google.com\/file\/d\/1aEeSJmaWOVjjoseNLupB0DEG0NGoGRWG\/view?usp=sharing\">clique aqui<\/a><\/p>\n<p data-uw-styling-context=\"true\">Ata de avalia\u00e7\u00e3o da prova de t\u00edtulos: <a href=\"https:\/\/drive.google.com\/file\/d\/19moT9oKE4ooueb3VsgXTXMYK05sENn5w\/view?usp=sharing\">clique aqui<\/a><\/p>\n<p data-uw-styling-context=\"true\">Ata de avalia\u00e7\u00e3o da prova did\u00e1tica: <a href=\"https:\/\/drive.google.com\/file\/d\/1yXlvXBFla3KbXc4g6NYCGMJH4niKun1q\/view?usp=sharing\">clique aqui<\/a><\/p>\n<p data-uw-styling-context=\"true\">Ata de avalia\u00e7\u00e3o da prova escrita: <a href=\"https:\/\/drive.google.com\/file\/d\/17mINBcueg5wHf2ElnXTD5TFgvqJsiXTV\/view?usp=sharing\">clique aqui<\/a><\/p>\n<p data-uw-styling-context=\"true\">Ata de sorteio do tema da prova did\u00e1tica: <a href=\"https:\/\/drive.google.com\/file\/d\/10NPjvTiWjSAqlGSR5LpZV6RwOBdEj4SO\/view?usp=sharing\">clique aqui<\/a><\/p>\n<p data-uw-styling-context=\"true\">Edital de homologa\u00e7\u00e3o das inscri\u00e7\u00f5es: <a href=\"https:\/\/drive.google.com\/file\/d\/11KlaYw4tAYuuwJqzoYnkGSCxqd_-BSn5\/view?usp=sharing\">clique aqui<\/a><\/p>\n<p data-uw-styling-context=\"true\">Ata de encerramento das inscri\u00e7\u00f5es: <a href=\"https:\/\/drive.google.com\/file\/d\/1CRagh9AKrgQPP2eBm5KuNlvdL_uV1yI8\/view?usp=sharing\">clique aqui<\/a><\/p>\n<p style=\"text-align: justify\" data-uw-styling-context=\"true\">Edital de abertura: <a href=\"https:\/\/boletimoficial.ufms.br\/bse\/publicacao?id=455615\">clique aqui<\/a><\/p>\n","protected":false},"excerpt":{"rendered":"<p>Professor Substituto 2022\/2 \u2013 \u00c1rea Lingu\u00edstica, Letras e Artes\/Lingu\u00edstica\/Lingu\u00edstica, Letras e Artes\/L\u00edngua Portuguesa Edital de resultado final: clique aqui Ata de avalia\u00e7\u00e3o da prova de t\u00edtulos: clique aqui Ata de avalia\u00e7\u00e3o da prova did\u00e1tica: clique aqui Ata de avalia\u00e7\u00e3o da prova escrita: clique aqui Prova did\u00e1tica &#8211; candidato Pedro de Melo: clique aqui Ata de [&hellip;]<\/p>\n","protected":false},"author":1449,"featured_media":22227,"comment_status":"closed","ping_status":"closed","sticky":false,"template":"","format":"standard","meta":{"footnotes":""},"categories":[183],"tags":[],"coauthors":[],"class_list":["post-30519","post","type-post","status-publish","format-standard","has-post-thumbnail","hentry","category-concursos-cpaq"],"_links":{"self":[{"href":"https:\/\/cpaq.ufms.br\/en\/wp-json\/wp\/v2\/posts\/30519","targetHints":{"allow":["GET"]}}],"collection":[{"href":"https:\/\/cpaq.ufms.br\/en\/wp-json\/wp\/v2\/posts"}],"about":[{"href":"https:\/\/cpaq.ufms.br\/en\/wp-json\/wp\/v2\/types\/post"}],"author":[{"embeddable":true,"href":"https:\/\/cpaq.ufms.br\/en\/wp-json\/wp\/v2\/users\/1449"}],"replies":[{"embeddable":true,"href":"https:\/\/cpaq.ufms.br\/en\/wp-json\/wp\/v2\/comments?post=30519"}],"version-history":[{"count":21,"href":"https:\/\/cpaq.ufms.br\/en\/wp-json\/wp\/v2\/posts\/30519\/revisions"}],"predecessor-version":[{"id":30781,"href":"https:\/\/cpaq.ufms.br\/en\/wp-json\/wp\/v2\/posts\/30519\/revisions\/30781"}],"wp:featuredmedia":[{"embeddable":true,"href":"https:\/\/cpaq.ufms.br\/en\/wp-json\/wp\/v2\/media\/22227"}],"wp:attachment":[{"href":"https:\/\/cpaq.ufms.br\/en\/wp-json\/wp\/v2\/media?parent=30519"}],"wp:term":[{"taxonomy":"category","embeddable":true,"href":"https:\/\/cpaq.ufms.br\/en\/wp-json\/wp\/v2\/categories?post=30519"},{"taxonomy":"post_tag","embeddable":true,"href":"https:\/\/cpaq.ufms.br\/en\/wp-json\/wp\/v2\/tags?post=30519"},{"taxonomy":"author","embeddable":true,"href":"https:\/\/cpaq.ufms.br\/en\/wp-json\/wp\/v2\/coauthors?post=30519"}],"curies":[{"name":"wp","href":"https:\/\/api.w.org\/{rel}","templated":true}]}}