{"id":30363,"date":"2022-05-02T16:04:02","date_gmt":"2022-05-02T20:04:02","guid":{"rendered":"https:\/\/cpaq.ufms.br\/?p=30363"},"modified":"2022-05-02T16:10:16","modified_gmt":"2022-05-02T20:10:16","slug":"concursos-professor-substituto-anteriores-2022","status":"publish","type":"post","link":"https:\/\/cpaq.ufms.br\/en\/concursos-professor-substituto-anteriores-2022\/","title":{"rendered":"Concursos Professor substituto Anteriores a 2022"},"content":{"rendered":"<p style=\"text-align: justify\"><strong>Professor Substituto 2022\/1 &#8211; \u00c1rea Lingu\u00edstica, Letras e Artes\/Letras\/L\u00ednguas Estrangeiras Modernas\/L\u00edngua Inglesa<\/strong><\/p>\n<p>Ata da prova de t\u00edtulos: <a href=\"https:\/\/drive.google.com\/file\/d\/1jOa4DPiYB0r9yghA-BFvsaeCyxBoAFo8\/view?usp=sharing\">clique aqui<\/a><\/p>\n<p>Grava\u00e7\u00e3o da aula did\u00e1tica: <a href=\"https:\/\/drive.google.com\/file\/d\/1desD0yuul28f1NFZFY8Ablx6Cz3LjR7Q\/view?usp=sharing\">clique aqui<\/a><\/p>\n<p>Ata da prova did\u00e1tica: <a href=\"https:\/\/drive.google.com\/file\/d\/1HzvJmoa6dhpWHcqBR54iNWK4ERs9v8Gr\/view?usp=sharing\">clique aqui<\/a><\/p>\n<p>Edital de retifica\u00e7\u00e3o do Edital de abertura: <a href=\"https:\/\/drive.google.com\/file\/d\/1ewZ4hMop-atA3CjHbYQccZtc4iJxq57y\/view?usp=sharing\">clique aqui<\/a><\/p>\n<p>Ata de sorteio do tema da prova did\u00e1tica: <a href=\"https:\/\/drive.google.com\/file\/d\/1t4qAprBg7nAzpvQUfyiN0z-c1EgfCoXx\/view?usp=sharing\">clique aqui<\/a><\/p>\n<p>Ata de avalia\u00e7\u00e3o da prova escrita: <a href=\"https:\/\/drive.google.com\/file\/d\/1QNOhOvlOc1BviGgvB6pQOjbrohbmDk0a\/view?usp=sharing\">clique aqui<\/a><\/p>\n<p style=\"text-align: justify\">Edital de homologa\u00e7\u00e3o das inscri\u00e7\u00f5es: <a href=\"https:\/\/drive.google.com\/file\/d\/1WdQw3e8MTNW_KeAmgtQ1thG712lXAMZ9\/view?usp=sharing\">clique aqui<\/a><\/p>\n<p>Ata de encerramento das inscri\u00e7\u00f5es: <a href=\"https:\/\/drive.google.com\/file\/d\/1KJPA0m-kvizz--OsfUcSOOt066zQIVM-\/view?usp=sharing\">clique aqui<\/a><\/p>\n<p style=\"text-align: justify\">Edital de abertura: <a href=\"https:\/\/drive.google.com\/file\/d\/1CA79M4bXT1XMJEzrNIraM52yopj2C2NR\/view?usp=sharing\">clique aqui<\/a><\/p>\n<p>&nbsp;<\/p>\n<p style=\"text-align: justify\"><strong>Professor Substituto 2022\/1 &#8211; \u00c1rea Lingu\u00edstica, Letras e Artes\/Letras\/L\u00ednguas Estrangeiras Modernas\/L\u00edngua Inglesa<\/strong><\/p>\n<p>Edital de Resultado Final do Processo Seletivo de Professor Substituto: <a href=\"https:\/\/drive.google.com\/file\/d\/13OqQA7uHwwWbH-nl_hALMVmq_pyfUN1J\/view?usp=sharing\">clique aqui<\/a><\/p>\n<p>Grava\u00e7\u00e3o da aula did\u00e1tica: <a href=\"https:\/\/drive.google.com\/file\/d\/1_d5ojCSERHvAUvdyfdL121-LOvodR-bA\/view?usp=sharing\">clique aqui<\/a><\/p>\n<p>Ata da prova did\u00e1tica: <a href=\"https:\/\/drive.google.com\/file\/d\/1NxKcK-XOrOv6Ds1oELJlPf0U0K27to17\/view?usp=sharing\">clique aqui<\/a><\/p>\n<p>Edital de retifica\u00e7\u00e3o do Edital de abertura: <a href=\"https:\/\/drive.google.com\/file\/d\/1q7M6VBBKMpEbYcz6s_fRpICdx6QOrlPv\/view?usp=sharing\">clique aqui<\/a><\/p>\n<p>Ata de sorteio do tema da prova did\u00e1tica: <a href=\"https:\/\/drive.google.com\/file\/d\/1Cbwf3SetdwB8pUe4Pa-zE6-_fsbAI9zs\/view?usp=sharing\">clique aqui<\/a><\/p>\n<p>Ata de avalia\u00e7\u00e3o da prova escrita: <a href=\"https:\/\/drive.google.com\/file\/d\/1uSdkw16q9BnIiWI93zPehafTq9feDwXi\/view?usp=sharing\">clique aqui<\/a><\/p>\n<p style=\"text-align: justify\">Edital de homologa\u00e7\u00e3o das inscri\u00e7\u00f5es: <a href=\"https:\/\/drive.google.com\/file\/d\/1zKIeixiANPCmIy7_vZRZ-zyO7To4IXuD\/view?usp=sharing\">clique aqui<\/a><\/p>\n<p style=\"text-align: justify\">Ata de encerramento das inscri\u00e7\u00f5es: <a href=\"https:\/\/drive.google.com\/file\/d\/1ins6GyPTdjRthcEWlFFGkrQXOzAAKvVo\/view?usp=sharing\">clique aqui<\/a><\/p>\n<p style=\"text-align: justify\">Edital de retifica\u00e7\u00e3o do Edital de abertura: <a href=\"https:\/\/drive.google.com\/file\/d\/1zyFOqK5-4krkFNR0_8Mc4q4r65DrBkIe\/view?usp=sharing\">clique aqui<\/a><\/p>\n<p style=\"text-align: justify\">Edital de abertura: <a href=\"https:\/\/drive.google.com\/file\/d\/1lgXYs6wEXA8OxjgjGOLQ0LZnhLF-SD8T\/view?usp=sharing\">clique aqui<\/a><\/p>\n<p>&nbsp;<\/p>\n<p style=\"text-align: justify\"><strong>Professor Substituto 2022\/1 &#8211; \u00c1rea Matem\u00e1tica\/Matem\u00e1tica Aplicada<\/strong><\/p>\n<p>Edital de Resultado Final do Processo Seletivo de Professor Substituto: <a href=\"https:\/\/drive.google.com\/file\/d\/1c1Red-O80X5digeE_-UjWhnWLcZ4gays\/view?usp=sharing\">clique aqui<\/a><\/p>\n<p>Prova did\u00e1tica &#8211; candidato Gilberto: <a href=\"https:\/\/drive.google.com\/file\/d\/1T3aykTEV0aj2rtt0uYefoh5SFHxxo0lZ\/view?usp=sharing\">clique aqui.<\/a><\/p>\n<p>Prova did\u00e1tica &#8211; candidato Fernando: <a href=\"https:\/\/drive.google.com\/file\/d\/1ZZa3QN42YB66QNhj8xTyLhVyr1YzNufW\/view?usp=sharing\">clique aqui.<\/a><\/p>\n<p>Ata da prova de t\u00edtulos: <a href=\"https:\/\/drive.google.com\/file\/d\/1wMvMwC-o1Fn7wKS_wIDYDuOem9VGnZB0\/view?usp=sharing\">clique aqui<\/a><\/p>\n<p>Ata da prova did\u00e1tica: <a href=\"https:\/\/drive.google.com\/file\/d\/1HjfC_p5Ibv-AsV7UEyx68oK2_1lHMMLt\/view?usp=sharing\">clique aqui<\/a><\/p>\n<p>Ata de sorteio do tema da prova did\u00e1tica: <a href=\"https:\/\/drive.google.com\/file\/d\/1Tg00Z-LBSFal3f9av8SPwkOnb1WyPQNT\/view?usp=sharing\">clique aqui<\/a><\/p>\n<p>Ata de avalia\u00e7\u00e3o da prova escrita: <a href=\"https:\/\/drive.google.com\/file\/d\/1M7qncT3pu071BHaLm4JRvOhWbSUcNjgi\/view?usp=sharing\">clique aqui<\/a><\/p>\n<p style=\"text-align: justify\">Edital de homologa\u00e7\u00e3o das inscri\u00e7\u00f5es: <a href=\"https:\/\/drive.google.com\/file\/d\/1dkdtKEjIlt9IgRK8t90C7LOrmy3I_kb2\/view?usp=sharing\">clique aqui<\/a><\/p>\n<p>Ata de encerramento das inscri\u00e7\u00f5es: <a href=\"https:\/\/drive.google.com\/file\/d\/1cKQjxWq_RFKNFujkmv-tNTxAjhvUcf2C\/view?usp=sharing\">clique aqui<\/a><\/p>\n<p style=\"text-align: justify\">Edital de retifica\u00e7\u00e3o do Edital de abertura: <a href=\"https:\/\/drive.google.com\/file\/d\/17ptoeEyTDW6rHkUXgFlYRGkBbcKsoqWt\/view?usp=sharing\">clique aqui<\/a><\/p>\n<p style=\"text-align: justify\">Edital de abertura: <a href=\"https:\/\/drive.google.com\/file\/d\/1tfZUyhNYviIeKpn6gIm6oQMW4PLK2eSw\/view?usp=sharing\">clique aqui<\/a><\/p>\n<p>&nbsp;<\/p>\n<p style=\"text-align: justify\"><strong>Professor Substituto 2021\/2 &#8211; \u00c1rea Elabora\u00e7\u00e3o e An\u00e1lise de Projetos\/Gest\u00e3o de Pessoas\/Administra\u00e7\u00e3o de Sistemas de Informa\u00e7\u00e3o<\/strong><\/p>\n<p>Edital de resultado final: <a href=\"https:\/\/drive.google.com\/file\/d\/10_fNJruWbYj21_uL5524vqcmWqAp0chF\/view?usp=sharing\">clique aqui<\/a><\/p>\n<p>Ata da prova de t\u00edtulos: <a href=\"https:\/\/drive.google.com\/file\/d\/1KdZ9OTpzQa9J4pQWeXdoIzaxE2em6IBV\/view?usp=sharing\">clique aqui<\/a><\/p>\n<p>Ata da prova did\u00e1tica: <a href=\"https:\/\/drive.google.com\/file\/d\/1l5XNmL0udt1BshKoaKwjr84dcmmiaMOt\/view?usp=sharing\">clique aqui<\/a><\/p>\n<p>Ata de sorteio do tema da prova did\u00e1tica: <a href=\"https:\/\/drive.google.com\/file\/d\/1rYbQTzJ4MyjXkwOIZbaCC60cxLOQG7D2\/view?usp=sharing\">clique aqui<\/a><\/p>\n<p>Ata de avalia\u00e7\u00e3o da prova escrita: <a href=\"https:\/\/drive.google.com\/file\/d\/1SngKa0sJP_hqfioLtA-Tpm91_sgt884q\/view?usp=sharing\">clique aqui<\/a><\/p>\n<p>Retifica\u00e7\u00e3o do edital de homologa\u00e7\u00e3o das inscri\u00e7\u00f5es: <a href=\"https:\/\/drive.google.com\/file\/d\/1J857dwwKV0542xCgz8B0kCNnWMN-hkoC\/view?usp=sharing\">clique aqui<\/a><\/p>\n<p>Ata de an\u00e1lise de recurso: <a href=\"https:\/\/drive.google.com\/file\/d\/1FAVOWkOSmWCk6GxU4K7waIOX5IjK-WjG\/view?usp=sharing\">clique aqui<\/a><\/p>\n<p>Homologa\u00e7\u00e3o das inscri\u00e7\u00f5es: <a href=\"https:\/\/drive.google.com\/file\/d\/1gFvafLIhHjhhday2-MAVNHTmUf3Bvjkj\/view?usp=sharing\">clique aqui<\/a><\/p>\n<p>Ata de encerramento das inscri\u00e7\u00f5es: <a href=\"https:\/\/drive.google.com\/file\/d\/1oJ3TCUAJK2fPAsGmTkn5oJU1p9x1N7LG\/view?usp=sharing\">clique aqui<\/a><\/p>\n<p>Ata de altera\u00e7\u00e3o de titula\u00e7\u00e3o: <a href=\"https:\/\/drive.google.com\/file\/d\/1kzh9V6pecbsum8H_HjaYHjeuS3I9gmNH\/view?usp=sharing\">clique aqui<\/a><\/p>\n<p>Edital de retifica\u00e7\u00e3o Prograd\/Progep: <a href=\"https:\/\/drive.google.com\/file\/d\/1lfT9PW8DmJEtDf-KmFbK4HQVG0Nsk6HJ\/view?usp=sharing\">clique aqui<\/a><\/p>\n<p>Edital de retifica\u00e7\u00e3o Prograd\/Progep: <a href=\"https:\/\/drive.google.com\/file\/d\/1TiBxt33veFSbh9xG9AEfeHB58dMwZYtG\/view?usp=sharing\">clique aqui<\/a><\/p>\n<p>Edital de sele\u00e7\u00e3o de Comiss\u00e3o Especial: <a href=\"https:\/\/drive.google.com\/file\/d\/1eUlOGQMpxwd3q93zXqutGcK-LS-kEGeS\/view?usp=sharing\">clique aqui<\/a><\/p>\n<p>Edital de sele\u00e7\u00e3o Prograd\/Progep: <a href=\"https:\/\/drive.google.com\/file\/d\/1kIE9QxNO9Bao00hcsRda8VVjKORXXYT4\/view?usp=sharing\">clique aqui<\/a><\/p>\n<p>&nbsp;<\/p>\n<p style=\"text-align: justify\"><strong>Professor Substituto 2021\/2 &#8211; \u00c1rea Planejamento Estrat\u00e9gico\/Administra\u00e7\u00e3o Mercadol\u00f3gica\/Agroneg\u00f3cio\/Empreendedorismo<\/strong><\/p>\n<p>Edital de resultado final: <a href=\"https:\/\/drive.google.com\/file\/d\/1ZPO-yNLe0-wgzw1dIxwEuV7NLIg5lYTC\/view?usp=sharing\">clique aqui<\/a><\/p>\n<p>Ata da prova de t\u00edtulos: <a href=\"https:\/\/drive.google.com\/file\/d\/1A22e74RiiIsXctVToutNH6TKlvDs1ujq\/view?usp=sharing\">clique aqui<\/a><\/p>\n<p>Ata da prova did\u00e1tica: <a href=\"https:\/\/drive.google.com\/file\/d\/1Ghb3vgaL_giGgE1OUvkbRSfFXN0O9Sf5\/view?usp=sharing\">clique aqui<\/a><\/p>\n<p>Ata de sorteio do tema da prova did\u00e1tica: <a href=\"https:\/\/drive.google.com\/file\/d\/1HCKSXDWKIYzrpcliFjFcNbi4mYAVQz2G\/view?usp=sharing\">clique aqui<\/a><\/p>\n<p>Ata de avalia\u00e7\u00e3o da prova escrita: <a href=\"https:\/\/drive.google.com\/file\/d\/1_SKu_2sxucN9IJM8tpVle-ICD7U1iqZ3\/view?usp=sharing\">clique aqui<\/a><\/p>\n<p>Retifica\u00e7\u00e3o do edital de homologa\u00e7\u00e3o de inscri\u00e7\u00f5es: <a href=\"https:\/\/drive.google.com\/file\/d\/1rtL-9f8RYg8SaRskb9qQhOonMNTrxy5F\/view?usp=sharing\">clique aqui<\/a><\/p>\n<p>Ata de an\u00e1lise de recursos: <a href=\"https:\/\/drive.google.com\/file\/d\/16M5BtPc-X32hgh1qjReKegl7oegx03NA\/view?usp=sharing\">clique aqui<\/a><\/p>\n<p>Ata de encerramento das inscri\u00e7\u00f5es: <a href=\"https:\/\/drive.google.com\/file\/d\/1h1z_-oS92vtQfAf6AtyY4pHcZRssEsan\/view?usp=sharing\">clique aqui<\/a><\/p>\n<p>Resultado da sele\u00e7\u00e3o: <a href=\"https:\/\/drive.google.com\/file\/d\/1OPP6pVbS69BJ6A6pOedDXsj_81pCAAJF\/view?usp=sharing\">clique aqui<\/a><\/p>\n<p>Homologa\u00e7\u00e3o das inscri\u00e7\u00f5es: <a href=\"https:\/\/drive.google.com\/file\/d\/1ZptM84ujDt4PpeBK_o8gycGzPKCddeFD\/view?usp=sharing\">clique aqui<\/a><\/p>\n<p>Ata de altera\u00e7\u00e3o de titula\u00e7\u00e3o: <a href=\"https:\/\/drive.google.com\/file\/d\/1QiC4qt2mzDyVGucEUNPzBY7TzMYpwOJf\/view?usp=sharing\">clique aqui<\/a><\/p>\n<p>Ata de altera\u00e7\u00e3o de titula\u00e7\u00e3o: <a href=\"https:\/\/drive.google.com\/file\/d\/1zcty1kwLQqQQhj-B5K-c2uXDbwZd8dPZ\/view?usp=sharing\">clique aqui<\/a><\/p>\n<p>Edital de retifica\u00e7\u00e3o Prograd\/Progep: <a href=\"https:\/\/drive.google.com\/file\/d\/1lfT9PW8DmJEtDf-KmFbK4HQVG0Nsk6HJ\/view?usp=sharing\">clique aqui<\/a><\/p>\n<p>Edital de retifica\u00e7\u00e3o Prograd\/Progep: <a href=\"https:\/\/drive.google.com\/file\/d\/1TiBxt33veFSbh9xG9AEfeHB58dMwZYtG\/view?usp=sharing\">clique aqui<\/a><\/p>\n<p>Edital de sele\u00e7\u00e3o de Comiss\u00e3o Especial: <a href=\"https:\/\/drive.google.com\/file\/d\/17yXUtqSKZweptrZ3_DLejaOUjJr_vGm0\/view?usp=sharing\">clique aqui<\/a><\/p>\n<p style=\"text-align: justify\">Edital de sele\u00e7\u00e3o Prograd\/Progep: <a href=\"https:\/\/drive.google.com\/file\/d\/1kIE9QxNO9Bao00hcsRda8VVjKORXXYT4\/view?usp=sharing\">clique aqui<\/a><\/p>\n<p>&nbsp;<\/p>\n<p style=\"text-align: justify\"><strong>Professor Substituto 2021\/1 &#8211; \u00c1rea Lingu\u00edstica, Letras e Artes\/ Letras\/ L\u00ednguas Estrangeiras Modernas\/ L\u00edngua Espanhola<\/strong><\/p>\n<p>Edital de resultado final: <a href=\"https:\/\/boletimoficial.ufms.br\/bse\/publicacao?id=414129\">clique aqui<\/a><\/p>\n<p>Prova did\u00e1tica &#8211; candidata Rosana: <a href=\"https:\/\/drive.google.com\/file\/d\/18LJ12PYvHjjlCzcar-yPWULpCetq4vg0\/view\">clique aqui<\/a><\/p>\n<p>Prova did\u00e1tica &#8211; candidata Ioneide: <a href=\"https:\/\/drive.google.com\/file\/d\/1Ja2iMYfqssOuI37ViO66ZYBmgvJVYm-A\/view\">clique aqui<\/a><\/p>\n<p>Prova did\u00e1tica &#8211; candidato Renan: <a href=\"https:\/\/drive.google.com\/file\/d\/1_5XlGWPjpNLka9PipQmvR6eg8BgmYkBq\/view\">clique aqui<\/a><\/p>\n<p>Prova did\u00e1tica &#8211; candidata Camila: <a href=\"https:\/\/drive.google.com\/file\/d\/1_1KjKwYXBP3NbJDSO5MY304XjA0YV-OG\/view\">clique aqui<\/a><\/p>\n<p>Ata do sorteio do tema da prova did\u00e1tica: <a href=\"https:\/\/drive.google.com\/file\/d\/1Ix5xDPkRw4nUP2jLPxT4VlTWb66eVK0O\/view?usp=sharing\">clique aqui<\/a><\/p>\n<p>Edital de homologa\u00e7\u00e3o das inscri\u00e7\u00f5es (republicado): <a href=\"https:\/\/boletimoficial.ufms.br\/bse\/publicacao?id=413892\">clique aqui<\/a><\/p>\n<p>Edital de homologa\u00e7\u00e3o das inscri\u00e7\u00f5es: <a href=\"https:\/\/boletimoficial.ufms.br\/bse\/publicacao?id=413656\">clique aqui<\/a><\/p>\n<p>Ata de encerramento das inscri\u00e7\u00f5es:\u00a0<a href=\"https:\/\/cpaq.ufms.br\/files\/2021\/01\/ATA-CPAQ_Professor-Substituto_Letras-n-1-de-05-01-2021.pdf\">clique aqui<\/a><\/p>\n<p>Edital de sele\u00e7\u00e3o da Comiss\u00e3o Especial: <a href=\"https:\/\/cpaq.ufms.br\/ufms-contratara-professor-substituto-de-letras-para-aquidauana-veja-o-edital\/\">clique aqui<\/a><\/p>\n<p>Retifica\u00e7\u00e3o do Edital de sele\u00e7\u00e3o Prograd: <a href=\"https:\/\/www.concursos.ufms.br\/front\/news\/view\/2555\">clique aqui<\/a><\/p>\n<p style=\"text-align: justify\">Edital de sele\u00e7\u00e3o Prograd: <a href=\"https:\/\/www.concursos.ufms.br\/front\/news\/view\/2554\">clique aqui<\/a><\/p>\n<p>&nbsp;<\/p>\n<p style=\"text-align: justify\"><strong>Professor Substituto 2020\/2 &#8211; \u00c1rea Matem\u00e1tica\/Probabilidade e Estat\u00edstica\/An\u00e1lise<\/strong><\/p>\n<p>Edital de resultado final: <a href=\"https:\/\/cpaq.ufms.br\/files\/2020\/08\/SEI_UFMS-2103120-Edital-de-Homologa\u00e7\u00e3o.pdf\">clique aqui<\/a><\/p>\n<p>Prova did\u00e1tica &#8211; candidata Ana Paula: <a href=\"https:\/\/drive.google.com\/file\/d\/1_NHoBvY8m_3uDYXYf062c6GVreUkQkHe\/view?usp=sharing\">clique aqui<\/a><\/p>\n<p>Prova did\u00e1tica &#8211; candidato Alirio: <a href=\"https:\/\/drive.google.com\/file\/d\/1UURvSG1pt5EDYnuNNCB7N5-r3l9XU9yk\/view?usp=sharing\">clique aqui<\/a><\/p>\n<p>Prova did\u00e1tica &#8211; candidata Marline: <a href=\"https:\/\/drive.google.com\/file\/d\/17zNbn5qlfbO_RizUGTZMnqXzO_gJe6-w\/view?usp=sharing\">clique aqui<\/a><\/p>\n<p>Prova did\u00e1tica &#8211; candidato Junior: <a href=\"https:\/\/drive.google.com\/file\/d\/1KAEb5g6lO0lcmKQCrYsy-HraJD9qTb69\/view?usp=sharing\">clique aqui<\/a><\/p>\n<p>Prova did\u00e1tica &#8211; candidato Mateus: <a href=\"https:\/\/drive.google.com\/file\/d\/1a3PZM_TO1oKch5PB9Ng8V3k3J6IDQOMJ\/view?usp=sharing\">clique aqui<\/a><\/p>\n<p>Ata da prova de t\u00edtulos: <a href=\"https:\/\/cpaq.ufms.br\/files\/2020\/08\/PROVA-DE-TITULOS-ATA.pdf\">clique aqui<\/a><\/p>\n<p>Ata da prova did\u00e1tica: <a href=\"https:\/\/cpaq.ufms.br\/files\/2020\/08\/PROVA-DIDATICA-Ata.pdf\">clique aqui<\/a><\/p>\n<p>Ata da prova escrita: <a href=\"https:\/\/cpaq.ufms.br\/files\/2020\/08\/Ata-prova-escrita.pdf\">clique aqui<\/a><\/p>\n<p>Edital de retifica\u00e7\u00e3o de subitens: <a href=\"https:\/\/cpaq.ufms.br\/files\/2020\/08\/43-EDITAL.pdf\">clique aqui<\/a><\/p>\n<p>Edital de homologa\u00e7\u00e3o das inscri\u00e7\u00f5es: <a href=\"https:\/\/cpaq.ufms.br\/files\/2020\/08\/42-Edital-de-Homologa\u00e7\u00e3o.pdf\">clique aqui<\/a><\/p>\n<p>Ata de encerramento das inscri\u00e7\u00f5es: <a href=\"https:\/\/cpaq.ufms.br\/files\/2020\/08\/Ata-de-encerramento.pdf\">clique aqui<\/a><\/p>\n<p>Republica\u00e7\u00e3o do Edital de Sele\u00e7\u00e3o Comiss\u00e3o Especial: <a href=\"https:\/\/cpaq.ufms.br\/files\/2020\/07\/REP-EDITAL-CPAQ-n-40-de-29-07-2020.pdf\">clique aqui<\/a><\/p>\n<p>Edital de sele\u00e7\u00e3o Comiss\u00e3o Especial: <a href=\"https:\/\/cpaq.ufms.br\/files\/2020\/07\/EDITAL-CPAQ-n-40-de-29-07-2020.pdf\">clique aqui<\/a><\/p>\n<p style=\"text-align: justify\">Edital de sele\u00e7\u00e3o Prograd: <a href=\"https:\/\/cpaq.ufms.br\/files\/2020\/07\/EDITAL-PROGRAD_RTR-n-127-de-17-07-2020.pdf\">clique aqui<\/a><\/p>\n<p>&nbsp;<\/p>\n<p style=\"text-align: justify\"><strong>Professor Substituto 2020\/2 &#8211; \u00c1rea Lingu\u00edstica, Letras e Artes\/Lingu\u00edstica\/L\u00edngua Portuguesa<\/strong><\/p>\n<p>Edital de resultado final: <a href=\"https:\/\/cpaq.ufms.br\/files\/2020\/08\/BS-EDITAL-CPAQ-n-47-de-18-08-2020.pdf\">clique aqui<\/a><\/p>\n<p>Ata da prova de t\u00edtulos: <a href=\"https:\/\/cpaq.ufms.br\/files\/2020\/08\/Ata-05-prova-de-t\u00edtulos.pdf\">clique aqui<\/a><\/p>\n<p>Ata da prova did\u00e1tica: <a href=\"https:\/\/cpaq.ufms.br\/files\/2020\/08\/Ata-04-prova-did\u00e1tica.pdf\">clique aqui<\/a><\/p>\n<p>Prova did\u00e1tica &#8211; candidato Marco Antonio: <a href=\"https:\/\/drive.google.com\/file\/d\/1XCZrbBdub8F4jHIr25xPsP76gRldvIZh\/view?usp=sharing\">clique aqui<\/a><\/p>\n<p>Prova did\u00e1tica &#8211; candidata Larissa: <a href=\"https:\/\/drive.google.com\/file\/d\/11SaNE5rlzwYaZsI3oqy7_shc9gJSaEgv\/view?usp=sharing\">clique aqui<\/a><\/p>\n<p>Tabela de divulga\u00e7\u00e3o do resultado da prova escrita: <a href=\"https:\/\/cpaq.ufms.br\/files\/2020\/08\/tabela-de-divulga\u00e7\u00e3o-noat-ada-prova-escrita.pdf\">clique aqui<\/a><\/p>\n<p>Ata da prova escrita: <a href=\"https:\/\/cpaq.ufms.br\/files\/2020\/08\/ata-da-prova-escrita-Letras.pdf\">clique aqui<\/a> (atualizado em 12\/08, \u00e0s 11h44)<\/p>\n<p>Edital de retifica\u00e7\u00e3o de subitens: <a href=\"https:\/\/cpaq.ufms.br\/files\/2020\/08\/edital-45.pdf\">clique aqui<\/a><\/p>\n<p>Edital de homologa\u00e7\u00e3o das inscri\u00e7\u00f5es: <a href=\"https:\/\/cpaq.ufms.br\/files\/2020\/08\/Edital-de-Homologa\u00e7\u00e3o.pdf\">clique aqui<\/a><\/p>\n<p>Ata de encerramento das inscri\u00e7\u00f5es: <a href=\"https:\/\/cpaq.ufms.br\/files\/2020\/08\/Ata-encerramento-das-inscri\u00e7\u00f5es.pdf\">clique aqui<\/a><\/p>\n<p>Republica\u00e7\u00e3o do Edital de Sele\u00e7\u00e3o Comiss\u00e3o Especial: <a href=\"https:\/\/cpaq.ufms.br\/files\/2020\/07\/rep-edital-39.pdf\">clique aqui<\/a><\/p>\n<p>Edital de sele\u00e7\u00e3o Comiss\u00e3o Especial: <a href=\"https:\/\/cpaq.ufms.br\/files\/2020\/07\/BS-EDITAL-CPAQ-n-39-de-28-07-2020.pdf\">clique aqui<\/a><\/p>\n<p style=\"text-align: justify\">Edital de sele\u00e7\u00e3o Prograd: <a href=\"https:\/\/cpaq.ufms.br\/files\/2020\/07\/EDITAL-PROGRAD_RTR-n-127-de-17-07-2020.pdf\">clique aqui<\/a><\/p>\n","protected":false},"excerpt":{"rendered":"<p>Professor Substituto 2022\/1 &#8211; \u00c1rea Lingu\u00edstica, Letras e Artes\/Letras\/L\u00ednguas Estrangeiras Modernas\/L\u00edngua Inglesa Ata da prova de t\u00edtulos: clique aqui Grava\u00e7\u00e3o da aula did\u00e1tica: clique aqui Ata da prova did\u00e1tica: clique aqui Edital de retifica\u00e7\u00e3o do Edital de abertura: clique aqui Ata de sorteio do tema da prova did\u00e1tica: clique aqui Ata de avalia\u00e7\u00e3o da prova [&hellip;]<\/p>\n","protected":false},"author":1449,"featured_media":22227,"comment_status":"closed","ping_status":"closed","sticky":false,"template":"","format":"standard","meta":{"footnotes":""},"categories":[183],"tags":[],"coauthors":[],"class_list":["post-30363","post","type-post","status-publish","format-standard","has-post-thumbnail","hentry","category-concursos-cpaq"],"_links":{"self":[{"href":"https:\/\/cpaq.ufms.br\/en\/wp-json\/wp\/v2\/posts\/30363","targetHints":{"allow":["GET"]}}],"collection":[{"href":"https:\/\/cpaq.ufms.br\/en\/wp-json\/wp\/v2\/posts"}],"about":[{"href":"https:\/\/cpaq.ufms.br\/en\/wp-json\/wp\/v2\/types\/post"}],"author":[{"embeddable":true,"href":"https:\/\/cpaq.ufms.br\/en\/wp-json\/wp\/v2\/users\/1449"}],"replies":[{"embeddable":true,"href":"https:\/\/cpaq.ufms.br\/en\/wp-json\/wp\/v2\/comments?post=30363"}],"version-history":[{"count":1,"href":"https:\/\/cpaq.ufms.br\/en\/wp-json\/wp\/v2\/posts\/30363\/revisions"}],"predecessor-version":[{"id":30364,"href":"https:\/\/cpaq.ufms.br\/en\/wp-json\/wp\/v2\/posts\/30363\/revisions\/30364"}],"wp:featuredmedia":[{"embeddable":true,"href":"https:\/\/cpaq.ufms.br\/en\/wp-json\/wp\/v2\/media\/22227"}],"wp:attachment":[{"href":"https:\/\/cpaq.ufms.br\/en\/wp-json\/wp\/v2\/media?parent=30363"}],"wp:term":[{"taxonomy":"category","embeddable":true,"href":"https:\/\/cpaq.ufms.br\/en\/wp-json\/wp\/v2\/categories?post=30363"},{"taxonomy":"post_tag","embeddable":true,"href":"https:\/\/cpaq.ufms.br\/en\/wp-json\/wp\/v2\/tags?post=30363"},{"taxonomy":"author","embeddable":true,"href":"https:\/\/cpaq.ufms.br\/en\/wp-json\/wp\/v2\/coauthors?post=30363"}],"curies":[{"name":"wp","href":"https:\/\/api.w.org\/{rel}","templated":true}]}}