{"id":3007,"date":"2015-05-06T21:13:55","date_gmt":"2015-05-07T01:13:55","guid":{"rendered":"http:\/\/cpaq.draconis.ufms.br\/?p=3007"},"modified":"2024-06-05T17:58:37","modified_gmt":"2024-06-05T21:58:37","slug":"divulgacao-ciclo-de-palestras-administracao-em-pratica","status":"publish","type":"post","link":"https:\/\/cpaq.ufms.br\/en\/divulgacao-ciclo-de-palestras-administracao-em-pratica\/","title":{"rendered":"DIVULGA\u00c7\u00c3O: CICLO DE PALESTRAS &#8216;ADMINISTRA\u00c7\u00c3O EM PR\u00c1TICA&#8217;."},"content":{"rendered":"<p class=\"ecxMsoNormal\">Como parte do desenvolvimento da disciplina Semin\u00e1rios Tem\u00e1ticos III, ministrada pela professora MSc Isadora Bacha Lopes, o ciclo de palestra tem como objetivo abordar a multidisciplinaridade na Administra\u00e7\u00e3o, sendo essa disciplina respons\u00e1vel por abordar os t\u00f3picos: princ\u00edpios do Direito, Ci\u00eancias Sociais e Administra\u00e7\u00e3o Financeira e Or\u00e7ament\u00e1ria. As palestras, previstas aos s\u00e1bados no per\u00edodo da manh\u00e3, s\u00e3o gratuitas e abertas ao p\u00fablico e estimam atrair profissionais da \u00e1rea, estudantes e docentes.<\/p>\n<p class=\"ecxMsoNormal\">Local: Campus II \u00a0UFMS\/Aquidauana &#8211; Curso de Administra\u00e7\u00e3o<\/p>\n<p class=\"ecxMsoNormal\">In\u00edcio: 09\/05\/15<\/p>\n<p class=\"ecxMsoNormal\">Contato: Prof\u00aa Me. Isadora Bacha Lopes<\/p>\n<p class=\"ecxMsoNormal\">\n<p class=\"ecxMsoNormal\">\n","protected":false},"excerpt":{"rendered":"<p>Como parte do desenvolvimento da disciplina Semin\u00e1rios Tem\u00e1ticos III, ministrada pela professora MSc Isadora Bacha Lopes, o ciclo de palestra tem como objetivo abordar a multidisciplinaridade na Administra\u00e7\u00e3o, sendo essa disciplina respons\u00e1vel por abordar os t\u00f3picos: princ\u00edpios do Direito, Ci\u00eancias Sociais e Administra\u00e7\u00e3o Financeira e Or\u00e7ament\u00e1ria. As palestras, previstas aos s\u00e1bados no per\u00edodo da manh\u00e3, [&hellip;]<\/p>\n","protected":false},"author":1810,"featured_media":0,"comment_status":"closed","ping_status":"open","sticky":false,"template":"","format":"standard","meta":{"footnotes":""},"categories":[60],"tags":[],"coauthors":[],"class_list":["post-3007","post","type-post","status-publish","format-standard","hentry","category-noticias-administracao"],"_links":{"self":[{"href":"https:\/\/cpaq.ufms.br\/en\/wp-json\/wp\/v2\/posts\/3007","targetHints":{"allow":["GET"]}}],"collection":[{"href":"https:\/\/cpaq.ufms.br\/en\/wp-json\/wp\/v2\/posts"}],"about":[{"href":"https:\/\/cpaq.ufms.br\/en\/wp-json\/wp\/v2\/types\/post"}],"author":[{"embeddable":true,"href":"https:\/\/cpaq.ufms.br\/en\/wp-json\/wp\/v2\/users\/1810"}],"replies":[{"embeddable":true,"href":"https:\/\/cpaq.ufms.br\/en\/wp-json\/wp\/v2\/comments?post=3007"}],"version-history":[{"count":1,"href":"https:\/\/cpaq.ufms.br\/en\/wp-json\/wp\/v2\/posts\/3007\/revisions"}],"predecessor-version":[{"id":3009,"href":"https:\/\/cpaq.ufms.br\/en\/wp-json\/wp\/v2\/posts\/3007\/revisions\/3009"}],"wp:attachment":[{"href":"https:\/\/cpaq.ufms.br\/en\/wp-json\/wp\/v2\/media?parent=3007"}],"wp:term":[{"taxonomy":"category","embeddable":true,"href":"https:\/\/cpaq.ufms.br\/en\/wp-json\/wp\/v2\/categories?post=3007"},{"taxonomy":"post_tag","embeddable":true,"href":"https:\/\/cpaq.ufms.br\/en\/wp-json\/wp\/v2\/tags?post=3007"},{"taxonomy":"author","embeddable":true,"href":"https:\/\/cpaq.ufms.br\/en\/wp-json\/wp\/v2\/coauthors?post=3007"}],"curies":[{"name":"wp","href":"https:\/\/api.w.org\/{rel}","templated":true}]}}