{"id":2955,"date":"2015-04-14T19:02:12","date_gmt":"2015-04-14T23:02:12","guid":{"rendered":"http:\/\/cpaq.draconis.ufms.br\/?p=2955"},"modified":"2024-06-05T17:59:34","modified_gmt":"2024-06-05T21:59:34","slug":"divulgacao-mostra-cultural-nufac-mato-grosso-do-sul","status":"publish","type":"post","link":"https:\/\/cpaq.ufms.br\/en\/divulgacao-mostra-cultural-nufac-mato-grosso-do-sul\/","title":{"rendered":"DIVULGA\u00c7\u00c3O: MOSTRA CULTURAL NUFAC MATO GROSSO DO SUL"},"content":{"rendered":"<p>Mostra Cultural<\/p>\n<p>Per\u00edodo: \u00a023\/04\/15\u00a0 e\u00a024\/04\/15<\/p>\n<p>Local: UFMS &#8211; Unidade II<\/p>\n<p>Informa\u00e7\u00f5es: Professora Alice -COAD (Coordenadoria Administrativa)<\/p>\n<p>Programa\u00e7\u00e3o do Evento: Mini &#8211; Curso e Palestras<\/p>\n<p>&nbsp;<\/p>\n<p>Prof. Me. Naira Denise Kalb<\/p>\n<p>Coordenadora do Curso de Administra\u00e7\u00e3o<\/p>\n<p>&nbsp;<\/p>\n","protected":false},"excerpt":{"rendered":"<p>Mostra Cultural Per\u00edodo: \u00a023\/04\/15\u00a0 e\u00a024\/04\/15 Local: UFMS &#8211; Unidade II Informa\u00e7\u00f5es: Professora Alice -COAD (Coordenadoria Administrativa) Programa\u00e7\u00e3o do Evento: Mini &#8211; Curso e Palestras &nbsp; Prof. Me. Naira Denise Kalb Coordenadora do Curso de Administra\u00e7\u00e3o &nbsp;<\/p>\n","protected":false},"author":1810,"featured_media":0,"comment_status":"closed","ping_status":"open","sticky":false,"template":"","format":"standard","meta":{"footnotes":""},"categories":[60],"tags":[],"coauthors":[],"class_list":["post-2955","post","type-post","status-publish","format-standard","hentry","category-noticias-administracao"],"_links":{"self":[{"href":"https:\/\/cpaq.ufms.br\/en\/wp-json\/wp\/v2\/posts\/2955","targetHints":{"allow":["GET"]}}],"collection":[{"href":"https:\/\/cpaq.ufms.br\/en\/wp-json\/wp\/v2\/posts"}],"about":[{"href":"https:\/\/cpaq.ufms.br\/en\/wp-json\/wp\/v2\/types\/post"}],"author":[{"embeddable":true,"href":"https:\/\/cpaq.ufms.br\/en\/wp-json\/wp\/v2\/users\/1810"}],"replies":[{"embeddable":true,"href":"https:\/\/cpaq.ufms.br\/en\/wp-json\/wp\/v2\/comments?post=2955"}],"version-history":[{"count":2,"href":"https:\/\/cpaq.ufms.br\/en\/wp-json\/wp\/v2\/posts\/2955\/revisions"}],"predecessor-version":[{"id":2957,"href":"https:\/\/cpaq.ufms.br\/en\/wp-json\/wp\/v2\/posts\/2955\/revisions\/2957"}],"wp:attachment":[{"href":"https:\/\/cpaq.ufms.br\/en\/wp-json\/wp\/v2\/media?parent=2955"}],"wp:term":[{"taxonomy":"category","embeddable":true,"href":"https:\/\/cpaq.ufms.br\/en\/wp-json\/wp\/v2\/categories?post=2955"},{"taxonomy":"post_tag","embeddable":true,"href":"https:\/\/cpaq.ufms.br\/en\/wp-json\/wp\/v2\/tags?post=2955"},{"taxonomy":"author","embeddable":true,"href":"https:\/\/cpaq.ufms.br\/en\/wp-json\/wp\/v2\/coauthors?post=2955"}],"curies":[{"name":"wp","href":"https:\/\/api.w.org\/{rel}","templated":true}]}}