{"id":2923,"date":"2015-04-01T21:27:50","date_gmt":"2015-04-02T01:27:50","guid":{"rendered":"http:\/\/cpaq.draconis.ufms.br\/?p=2923"},"modified":"2024-06-05T18:00:22","modified_gmt":"2024-06-05T22:00:22","slug":"palestra-gestao-de-servicos-e-o-encontro-com-o-cliente","status":"publish","type":"post","link":"https:\/\/cpaq.ufms.br\/en\/palestra-gestao-de-servicos-e-o-encontro-com-o-cliente\/","title":{"rendered":"Palestra: Gest\u00e3o de Servi\u00e7os e o Encontro com o Cliente"},"content":{"rendered":"<p>Na noite de 01\/04\/15 \u00a0no audit\u00f3rio da unidade II da UFMS foi realizado a palestra: Gest\u00e3o de Servi\u00e7os e o Encontro com o Cliente. A palestra foi organizada pela professora Marly Fonseca Nunes do curso de Administra\u00e7\u00e3o que junto com a palestrante, \u00a0Professora Rozana Carvalho Pereira abrilhantaram a noite para os discentes do 2\u00ba, 6\u00ba e 8\u00ba semestre de Administra\u00e7\u00e3o.<\/p>\n","protected":false},"excerpt":{"rendered":"<p>Na noite de 01\/04\/15 \u00a0no audit\u00f3rio da unidade II da UFMS foi realizado a palestra: Gest\u00e3o de Servi\u00e7os e o Encontro com o Cliente. A palestra foi organizada pela professora Marly Fonseca Nunes do curso de Administra\u00e7\u00e3o que junto com a palestrante, \u00a0Professora Rozana Carvalho Pereira abrilhantaram a noite para os discentes do 2\u00ba, 6\u00ba [&hellip;]<\/p>\n","protected":false},"author":1810,"featured_media":0,"comment_status":"closed","ping_status":"open","sticky":false,"template":"","format":"standard","meta":{"footnotes":""},"categories":[60],"tags":[],"coauthors":[],"class_list":["post-2923","post","type-post","status-publish","format-standard","hentry","category-noticias-administracao"],"_links":{"self":[{"href":"https:\/\/cpaq.ufms.br\/en\/wp-json\/wp\/v2\/posts\/2923","targetHints":{"allow":["GET"]}}],"collection":[{"href":"https:\/\/cpaq.ufms.br\/en\/wp-json\/wp\/v2\/posts"}],"about":[{"href":"https:\/\/cpaq.ufms.br\/en\/wp-json\/wp\/v2\/types\/post"}],"author":[{"embeddable":true,"href":"https:\/\/cpaq.ufms.br\/en\/wp-json\/wp\/v2\/users\/1810"}],"replies":[{"embeddable":true,"href":"https:\/\/cpaq.ufms.br\/en\/wp-json\/wp\/v2\/comments?post=2923"}],"version-history":[{"count":1,"href":"https:\/\/cpaq.ufms.br\/en\/wp-json\/wp\/v2\/posts\/2923\/revisions"}],"predecessor-version":[{"id":2924,"href":"https:\/\/cpaq.ufms.br\/en\/wp-json\/wp\/v2\/posts\/2923\/revisions\/2924"}],"wp:attachment":[{"href":"https:\/\/cpaq.ufms.br\/en\/wp-json\/wp\/v2\/media?parent=2923"}],"wp:term":[{"taxonomy":"category","embeddable":true,"href":"https:\/\/cpaq.ufms.br\/en\/wp-json\/wp\/v2\/categories?post=2923"},{"taxonomy":"post_tag","embeddable":true,"href":"https:\/\/cpaq.ufms.br\/en\/wp-json\/wp\/v2\/tags?post=2923"},{"taxonomy":"author","embeddable":true,"href":"https:\/\/cpaq.ufms.br\/en\/wp-json\/wp\/v2\/coauthors?post=2923"}],"curies":[{"name":"wp","href":"https:\/\/api.w.org\/{rel}","templated":true}]}}