{"id":27032,"date":"2021-04-13T13:36:14","date_gmt":"2021-04-13T17:36:14","guid":{"rendered":"https:\/\/cpaq.ufms.br\/?p=27032"},"modified":"2021-04-13T13:36:14","modified_gmt":"2021-04-13T17:36:14","slug":"estudantes-de-licenciatura-e-professores-podem-participar-de-iniciacao-a-docencia","status":"publish","type":"post","link":"https:\/\/cpaq.ufms.br\/en\/estudantes-de-licenciatura-e-professores-podem-participar-de-iniciacao-a-docencia\/","title":{"rendered":"Estudantes de licenciatura e professores podem participar de inicia\u00e7\u00e3o \u00e0 doc\u00eancia"},"content":{"rendered":"<p style=\"text-align: justify\">Estudantes dos cursos de licenciatura da UFMS e professores que atuam em escolas de educa\u00e7\u00e3o b\u00e1sica da rede p\u00fablica podem se inscrever nos processos seletivos do Programa Institucional de Bolsa de Inicia\u00e7\u00e3o \u00e0 Doc\u00eancia (Pibid) da UFMS. As inscri\u00e7\u00f5es v\u00e3o at\u00e9\u00a0<strong>13 de abril<\/strong>.<\/p>\n<p style=\"text-align: justify\">\u201cOs objetivos essenciais do Pibid s\u00e3o: contribuir para a valoriza\u00e7\u00e3o do magist\u00e9rio, incentivar a forma\u00e7\u00e3o docente em n\u00edvel superior para a educa\u00e7\u00e3o b\u00e1sica, elevar a qualidade de forma\u00e7\u00e3o inicial dos professores nos cursos de licenciatura e inserir os licenciandos no cotidiano de escolas da rede p\u00fablica de educa\u00e7\u00e3o\u201d, explica a coordenadora institucional do Pibid na UFMS, Stella Sanches de Oliveira Silva.<\/p>\n<p style=\"text-align: justify\">Para os estudantes, h\u00e1 uma vaga para bolsista e 19 para volunt\u00e1rios. Podem participar estudantes de cursos como Matem\u00e1tica, Qu\u00edmica, Ci\u00eancias Biol\u00f3gicas, Pedagogia, Educa\u00e7\u00e3o F\u00edsica, Letras \u2013 Portugu\u00eas\/Literatura e Portugu\u00eas\/Ingl\u00eas, Hist\u00f3ria e Educa\u00e7\u00e3o do Campo, oferecidos na Cidade Universit\u00e1ria e nos c\u00e2mpus de Aquidauana, Corumb\u00e1, Navira\u00ed, Ponta Por\u00e3 e Tr\u00eas Lagoas (confira distribui\u00e7\u00e3o de vagas\/cursos\/unidades no edital).<\/p>\n<p style=\"text-align: justify\">Para os supervisores ser\u00e3o tr\u00eas vagas: uma para a \u00e1rea de Pedagogia \u2013 Alfabetiza\u00e7\u00e3o em Tr\u00eas Lagoas; uma para a \u00e1rea de Pedagogia \u2013 Alfabetiza\u00e7\u00e3o em Navira\u00ed e uma para Matem\u00e1tica em Aquidauana. Podem concorrer \u00e0s vagas de Tr\u00eas Lagoas professores da escola municipal Olyntho Manciniou ou Prof. Odeir Ant\u00f4nio da Silva. Em Navira\u00ed, podem participar da sele\u00e7\u00e3o professores da Creche Eva Moraes de Oliveira ou CIEI &#8211; Maria Jos\u00e9 da Silva Can\u00e7ado. J\u00e1 em Aquidauana, podem se inscrever professores da Escola Estadual C\u00e2ndido Mariano.<\/p>\n<p style=\"text-align: justify\">\u201cO Pibid da UFMS tem como princ\u00edpio a indissociabilidade entre teoria e a pr\u00e1tica. N\u00f3s n\u00e3o entendemos que o professor faz a teoria nas aulas de est\u00e1gio e pr\u00e1tica na escola de educa\u00e7\u00e3o b\u00e1sica. Quando o professor est\u00e1 na escola, ele est\u00e1 trabalhando teoricamente, ele est\u00e1 construindo uma pr\u00e1tica\u201d, comenta a professora Stella.<\/p>\n<p><strong>Inscri\u00e7\u00f5es<\/strong><\/p>\n<p style=\"text-align: justify\">Interessados t\u00eam at\u00e9 13 de abril para efetuarem as inscri\u00e7\u00f5es, exclusivamente pelo <a href=\"http:\/\/sigproj.ufms.br\">sigproj.ufms.br<\/a>. \u201cOs candidatos aos editais 125, de estudante, e 126, de supervisor, para o Pibid devem se atentar, que a inscri\u00e7\u00e3o agora deve ser feita pelo Sigproj. Al\u00e9m disso, para ambos os interessados, que <strong>o curr\u00edculo deve ser feito pela plataforma Capes da Educa\u00e7\u00e3o B\u00e1sica<\/strong> e n\u00e3o no Curr\u00edculo Lattes\u201d, alerta a professora.<\/p>\n<p style=\"text-align: justify\">\u00c9 necess\u00e1rio estar logado com o passaporte e senha da UFMS ou, no caso dos supervisores, logado como usu\u00e1rio externo. \u00c9 preciso confirmar os dados, concordar com o termo de compromisso, anexar a c\u00f3pia do curr\u00edculo cadastrado na\u00a0<a href=\"https:\/\/eb.capes.gov.br\/\">Plataforma Capes da Educa\u00e7\u00e3o B\u00e1sica<\/a>\u00a0e demais documentos exigidos nos editais.<\/p>\n<p style=\"text-align: justify\">\u201cAos supervisores, tem que se atentar tamb\u00e9m para as declara\u00e7\u00f5es que eles precisam pedir na escola candidata. \u00c9 necess\u00e1rio ter comprova\u00e7\u00e3o de que possuem experi\u00eancia m\u00ednima de dois anos no magist\u00e9rio na educa\u00e7\u00e3o b\u00e1sica e ter a declara\u00e7\u00e3o de que \u00e9 professor na escola de campo candidata. No edital consta quais tipos de documentos s\u00e3o aceitos para essa comprova\u00e7\u00e3o\u201d, ressalta a professora Stella.<\/p>\n<p style=\"text-align: justify\">A bolsa para os estudantes tem valor de <strong>R$ 400<\/strong> mensais e para os supervisores de <strong>R$ 765<\/strong>, ambas com dura\u00e7\u00e3o de at\u00e9 12 meses e pagas pela Coordena\u00e7\u00e3o de Aperfei\u00e7oamento de Pessoal de N\u00edvel Superior (Capes).\u00a0Para mais informa\u00e7\u00f5es acesse os editais abaixo. Esclarecimentos podem ser encaminhados para o e-mail <a href=\"mailto:pibid.prograd@ufms.br\">pibid.prograd@ufms.br<\/a>.<\/p>\n<p>&nbsp;<\/p>\n<p><em>Texto: Lucas Caxito (estagi\u00e1rio da Agecom)<\/em><\/p>\n<p>&nbsp;<\/p>\n<a href=\"https:\/\/cpaq.ufms.br\/files\/2021\/04\/edital_125.pdf\" class=\"pdfemb-viewer\" style=\"\" data-width=\"max\" data-height=\"max\" data-toolbar=\"bottom\" data-toolbar-fixed=\"off\">edital_125<\/a>\n<p><a href=\"https:\/\/cpaq.ufms.br\/files\/2021\/04\/edital_125.pdf\">Download (PDF)<\/a><\/p>\n<a href=\"https:\/\/cpaq.ufms.br\/files\/2021\/04\/edital_126.pdf\" class=\"pdfemb-viewer\" style=\"\" data-width=\"max\" data-height=\"max\" data-toolbar=\"bottom\" data-toolbar-fixed=\"off\">edital_126<\/a>\n<p><a href=\"https:\/\/cpaq.ufms.br\/files\/2021\/04\/edital_126.pdf\">Download (PDF)<\/a><\/p>\n<p>&nbsp;<\/p>\n","protected":false},"excerpt":{"rendered":"<p>Estudantes dos cursos de licenciatura da UFMS e professores que atuam em escolas de educa\u00e7\u00e3o b\u00e1sica da rede p\u00fablica podem se inscrever nos processos seletivos do Programa Institucional de Bolsa de Inicia\u00e7\u00e3o \u00e0 Doc\u00eancia (Pibid) da UFMS. As inscri\u00e7\u00f5es v\u00e3o at\u00e9\u00a013 de abril. \u201cOs objetivos essenciais do Pibid s\u00e3o: contribuir para a valoriza\u00e7\u00e3o do magist\u00e9rio, [&hellip;]<\/p>\n","protected":false},"author":6631,"featured_media":27035,"comment_status":"closed","ping_status":"closed","sticky":false,"template":"","format":"standard","meta":{"footnotes":""},"categories":[38,37,110,39,1],"tags":[],"coauthors":[],"class_list":["post-27032","post","type-post","status-publish","format-standard","has-post-thumbnail","hentry","category-cpaq","category-destaques","category-editais-academicos-importantes","category-grad","category-noticias"],"_links":{"self":[{"href":"https:\/\/cpaq.ufms.br\/en\/wp-json\/wp\/v2\/posts\/27032","targetHints":{"allow":["GET"]}}],"collection":[{"href":"https:\/\/cpaq.ufms.br\/en\/wp-json\/wp\/v2\/posts"}],"about":[{"href":"https:\/\/cpaq.ufms.br\/en\/wp-json\/wp\/v2\/types\/post"}],"author":[{"embeddable":true,"href":"https:\/\/cpaq.ufms.br\/en\/wp-json\/wp\/v2\/users\/6631"}],"replies":[{"embeddable":true,"href":"https:\/\/cpaq.ufms.br\/en\/wp-json\/wp\/v2\/comments?post=27032"}],"version-history":[{"count":1,"href":"https:\/\/cpaq.ufms.br\/en\/wp-json\/wp\/v2\/posts\/27032\/revisions"}],"predecessor-version":[{"id":27036,"href":"https:\/\/cpaq.ufms.br\/en\/wp-json\/wp\/v2\/posts\/27032\/revisions\/27036"}],"wp:featuredmedia":[{"embeddable":true,"href":"https:\/\/cpaq.ufms.br\/en\/wp-json\/wp\/v2\/media\/27035"}],"wp:attachment":[{"href":"https:\/\/cpaq.ufms.br\/en\/wp-json\/wp\/v2\/media?parent=27032"}],"wp:term":[{"taxonomy":"category","embeddable":true,"href":"https:\/\/cpaq.ufms.br\/en\/wp-json\/wp\/v2\/categories?post=27032"},{"taxonomy":"post_tag","embeddable":true,"href":"https:\/\/cpaq.ufms.br\/en\/wp-json\/wp\/v2\/tags?post=27032"},{"taxonomy":"author","embeddable":true,"href":"https:\/\/cpaq.ufms.br\/en\/wp-json\/wp\/v2\/coauthors?post=27032"}],"curies":[{"name":"wp","href":"https:\/\/api.w.org\/{rel}","templated":true}]}}