{"id":15784,"date":"2019-02-13T08:50:28","date_gmt":"2019-02-13T11:50:28","guid":{"rendered":"https:\/\/cpaq.ufms.br\/?p=15784"},"modified":"2019-02-13T08:50:52","modified_gmt":"2019-02-13T11:50:52","slug":"curso-de-administracao-tera-atividades-para-calouros-e-veteranos-na-primeira-semana-semestre","status":"publish","type":"post","link":"https:\/\/cpaq.ufms.br\/en\/curso-de-administracao-tera-atividades-para-calouros-e-veteranos-na-primeira-semana-semestre\/","title":{"rendered":"Curso de Administra\u00e7\u00e3o ter\u00e1 atividades para calouros e veteranos na primeira semana do semestre"},"content":{"rendered":"<p style=\"text-align: justify\">O Curso de Administra\u00e7\u00e3o do C\u00e2mpus de Aquidauana (CPAQ\/UFMS) est\u00e1 organizando atividades para calouros e veteranos na primeira semana do semestre. As atividades direcionadas aos calouros j\u00e1 est\u00e3o dispon\u00edveis na <a href=\"https:\/\/cpaq.ufms.br\/confira-programacao-para-recepcao-aos-calouros-2019\/\">programa\u00e7\u00e3o da recep\u00e7\u00e3o aos calouros 2019<\/a>.<\/p>\n<p style=\"text-align: justify\">Os veteranos\u00a0tamb\u00e9m participar\u00e3o de atividades diferenciadas no in\u00edcio do semestre: confira a <a href=\"https:\/\/cpaq.ufms.br\/files\/2019\/02\/INICIO-DO-SEMESTRE-ADM.jpg\">programa\u00e7\u00e3o de in\u00edcio de semestre<\/a> do Curso de Administra\u00e7\u00e3o.<\/p>\n<p style=\"text-align: justify\">Para d\u00favidas sobre as atividades do curso, entre em contato com a Coordena\u00e7\u00e3o do Curso, pelo telefone 3241-0436 ou pelo e-mail <a href=\"mailto:adm.cpaq@ufms.br\">adm.cpaq@ufms.br<\/a>.<\/p>\n<p>&nbsp;<\/p>\n","protected":false},"excerpt":{"rendered":"<p>O Curso de Administra\u00e7\u00e3o do C\u00e2mpus de Aquidauana (CPAQ\/UFMS) est\u00e1 organizando atividades para calouros e veteranos na primeira semana do semestre. As atividades direcionadas aos calouros j\u00e1 est\u00e3o dispon\u00edveis na programa\u00e7\u00e3o da recep\u00e7\u00e3o aos calouros 2019. Os veteranos\u00a0tamb\u00e9m participar\u00e3o de atividades diferenciadas no in\u00edcio do semestre: confira a programa\u00e7\u00e3o de in\u00edcio de semestre do Curso [&hellip;]<\/p>\n","protected":false},"author":2904,"featured_media":15786,"comment_status":"closed","ping_status":"closed","sticky":false,"template":"","format":"standard","meta":{"footnotes":""},"categories":[60],"tags":[],"coauthors":[],"class_list":["post-15784","post","type-post","status-publish","format-standard","has-post-thumbnail","hentry","category-noticias-administracao"],"_links":{"self":[{"href":"https:\/\/cpaq.ufms.br\/en\/wp-json\/wp\/v2\/posts\/15784","targetHints":{"allow":["GET"]}}],"collection":[{"href":"https:\/\/cpaq.ufms.br\/en\/wp-json\/wp\/v2\/posts"}],"about":[{"href":"https:\/\/cpaq.ufms.br\/en\/wp-json\/wp\/v2\/types\/post"}],"author":[{"embeddable":true,"href":"https:\/\/cpaq.ufms.br\/en\/wp-json\/wp\/v2\/users\/2904"}],"replies":[{"embeddable":true,"href":"https:\/\/cpaq.ufms.br\/en\/wp-json\/wp\/v2\/comments?post=15784"}],"version-history":[{"count":2,"href":"https:\/\/cpaq.ufms.br\/en\/wp-json\/wp\/v2\/posts\/15784\/revisions"}],"predecessor-version":[{"id":15788,"href":"https:\/\/cpaq.ufms.br\/en\/wp-json\/wp\/v2\/posts\/15784\/revisions\/15788"}],"wp:featuredmedia":[{"embeddable":true,"href":"https:\/\/cpaq.ufms.br\/en\/wp-json\/wp\/v2\/media\/15786"}],"wp:attachment":[{"href":"https:\/\/cpaq.ufms.br\/en\/wp-json\/wp\/v2\/media?parent=15784"}],"wp:term":[{"taxonomy":"category","embeddable":true,"href":"https:\/\/cpaq.ufms.br\/en\/wp-json\/wp\/v2\/categories?post=15784"},{"taxonomy":"post_tag","embeddable":true,"href":"https:\/\/cpaq.ufms.br\/en\/wp-json\/wp\/v2\/tags?post=15784"},{"taxonomy":"author","embeddable":true,"href":"https:\/\/cpaq.ufms.br\/en\/wp-json\/wp\/v2\/coauthors?post=15784"}],"curies":[{"name":"wp","href":"https:\/\/api.w.org\/{rel}","templated":true}]}}