{"id":13926,"date":"2018-09-14T09:23:02","date_gmt":"2018-09-14T13:23:02","guid":{"rendered":"https:\/\/cpaq.ufms.br\/?p=13926"},"modified":"2018-09-17T10:54:56","modified_gmt":"2018-09-17T14:54:56","slug":"curso-de-matematica-participara-de-evento-na-unicamp-em-campinas-sp","status":"publish","type":"post","link":"https:\/\/cpaq.ufms.br\/en\/curso-de-matematica-participara-de-evento-na-unicamp-em-campinas-sp\/","title":{"rendered":"Curso de Matem\u00e1tica participar\u00e1 de evento na Unicamp, em Campinas (SP)"},"content":{"rendered":"<p style=\"text-align: justify\">No pr\u00f3ximo domingo (16), docentes e acad\u00eamicos do curso de Matem\u00e1tica do Campus de Aquidauana (CPAQ\/UFMS) viajar\u00e3o para a cidade de Campinas (SP), onde\u00a0participar\u00e3o do XXXVIII\u00a0Congresso Nacional de Matem\u00e1tica Aplicada e Computacional, que ser\u00e1 realizado na Universidade Estadual de Campinas (Unicamp).\u00a0O \u00f4nibus partir\u00e1 do CPAQ neste domingo.<\/p>\n<p style=\"text-align: justify\">Al\u00e9m dos participantes do CPAQ,\u00a0 acad\u00eamicos e docentes da Cidade Universit\u00e1ria, em Campo Grande (MS), tamb\u00e9m marcar\u00e3o presen\u00e7a no evento: 2 acad\u00eamicos do Instituto de F\u00edsica (INFI\/UFMS), 1 acad\u00eamico da Faculdade de Computa\u00e7\u00e3o (Facom\/UFMS) e 3 acad\u00eamicos e 1 docente do Instituto de Matem\u00e1tica (Inma\/UFMS).<\/p>\n<p style=\"text-align: justify\">Os docentes e acad\u00eamicos ir\u00e3o apresentar diversos trabalhos. O professor Leandro Bezerra de Lima coordenar\u00e1 um minissimp\u00f3sio, com o t\u00edtulo \u00a0<em>\u201cC\u00f3digos Qu\u00e2nticos Corretores de Erros e Aplica\u00e7\u00f5es\u201d,<\/em> que contar\u00e1 com a seguinte programa\u00e7\u00e3o:<\/p>\n<ul style=\"text-align: justify\">\n<li style=\"text-align: justify\">Prof. Dr. Waldir Silva Soares Junior \u2013 UTFPR &#8211; T\u00edtulo: \u201c<em>C\u00f3digos coloridos poligonais\u201d<\/em>;<\/li>\n<li style=\"text-align: justify\">Prof. Dr. Douglas Frederico Guimaraes Santiago \u2013 UFVJM &#8211; T\u00edtulo: <em>\u201cC\u00f3digos qu\u00e2nticos CWS\u201d; <\/em><\/li>\n<li style=\"text-align: justify\">Prof. Dr. Renato Portugal \u2013 LNCC &#8211; T\u00edtulo: <em>\u201cQuantum-walk-based algorithms and the element k-distincness problem\u201d<\/em>;<\/li>\n<li style=\"text-align: justify\">Prof. Dr. Jos\u00e9 Euclides Gomes da Silva \u2013 UFCA &#8211; T\u00edtulo: <em>\u201cQuantum mechanics on minimal surfaces\u201d<\/em>;<\/li>\n<li style=\"text-align: justify\">Profa. Dra. Wanessa Carla Gazzoni \u2013 UNISAL &#8211; T\u00edtulo: <em>\u201cO emaranhamento qu\u00e2ntico e descri\u00e7\u00e3o matem\u00e1tica a partir de c\u00f3digos corretores de erros cl\u00e1ssicos\u201d<\/em>;<\/li>\n<li style=\"text-align: justify\">Prof. Dr. Leandro Bezerra de Lima \u2013 CPAQ-UFMS &#8211; T\u00edtulo: <em>\u201cCaracteriza\u00e7\u00e3o de c\u00f3digos qu\u00e2nticos de subespa\u00e7os na grassmanniana\u201d<\/em>;<\/li>\n<li style=\"text-align: justify\">Profa. Dra. Clarice Dias de Albuquerque \u2013 UFCA &#8211; T\u00edtulo: <em>\u201cComputa\u00e7\u00e3o qu\u00e2ntica topol\u00f3gica\u201d<\/em>;<\/li>\n<li style=\"text-align: justify\">Prof. Dr. Reginaldo Palazzo J\u00fanior \u2013 FEEC \u2013UNICAMP &#8211; T\u00edtulo: <em>\u201cIntrodu\u00e7\u00e3o aos c\u00f3digos qu\u00e2nticos hologr\u00e1ficos\u201d.<\/em><\/li>\n<\/ul>\n<p style=\"text-align: justify\">Al\u00e9m do minissimp\u00f3sio, o grupo tamb\u00e9m ter\u00e1 5 apresenta\u00e7\u00f5es de trabalhos:<\/p>\n<ul style=\"text-align: justify\">\n<li><em>\u201cC\u00f3digos de Grupo n-shot via Isomorfismo entre Espa\u00e7os Projetivos e Reticulados de Grupos Multiplicativos de Corpos Finitos\u201d,<\/em>\u00a0do professor Leandro Bezerra de Lima;<\/li>\n<li><em>\u201cDesigns Combinat\u00f3rios: Exemplos e Aplica\u00e7\u00f5es\u201d,<\/em> da acad\u00eamica J\u00e9ssica Roberta de Oliveira Moreira,\u00a0orientanda do professor Leandro Bezerra de Lima;<\/li>\n<li><em>\u201cGeometria de Galois: Exemplos e Aplica\u00e7\u00f5es\u201d,<\/em> da acad\u00eamica Gabrielly da Silva Roman, orientanda do professor Leandro Bezerra de Lima;<\/li>\n<li><em>\u201cTeorema de Enumera\u00e7\u00e3o de P\u00f3lya\u201d<\/em> e <em>\u201cN\u00fameros de Catalan\u201d,<\/em> dos acad\u00eamicos Ludier Mariano Rosa, Geovana Tavares Figueiredo e Suellen da Silva, que s\u00e3o orientandos da professora Adriana Wagner.<\/li>\n<\/ul>\n<p style=\"text-align: justify\">Para o Prof. Leandro, trata-se de uma oportunidade de enriquecimento acad\u00eamico: &#8220;constitui-se como uma oportunidade \u00edmpar para discutir trabalhos em andamento, divulgar resultados e ficar a par da produ\u00e7\u00e3o cient\u00edfica em desenvolvimento nas principais institui\u00e7\u00f5es nacionais e internacionais&#8221;.<\/p>\n<p style=\"text-align: justify\">O Congresso Nacional de Matem\u00e1tica Aplicada e Computacional \u00e9 o maior evento da Sociedade Brasileira de Matem\u00e1tica Aplicada e Computacional (SBMAC), reunindo um grande n\u00famero de participantes, entre professores, pesquisadores, profissionais de empresas e centros de pesquisas p\u00fablicas e privadas, al\u00e9m de estudantes de gradua\u00e7\u00e3o e p\u00f3s-gradua\u00e7\u00e3o das mais diversas \u00e1reas da Matem\u00e1tica e da Matem\u00e1tica Aplicada e Computacional.<\/p>\n","protected":false},"excerpt":{"rendered":"<p>No pr\u00f3ximo domingo (16), docentes e acad\u00eamicos do curso de Matem\u00e1tica do Campus de Aquidauana (CPAQ\/UFMS) viajar\u00e3o para a cidade de Campinas (SP), onde\u00a0participar\u00e3o do XXXVIII\u00a0Congresso Nacional de Matem\u00e1tica Aplicada e Computacional, que ser\u00e1 realizado na Universidade Estadual de Campinas (Unicamp).\u00a0O \u00f4nibus partir\u00e1 do CPAQ neste domingo. Al\u00e9m dos participantes do CPAQ,\u00a0 acad\u00eamicos e docentes [&hellip;]<\/p>\n","protected":false},"author":2904,"featured_media":13928,"comment_status":"closed","ping_status":"closed","sticky":false,"template":"","format":"standard","meta":{"footnotes":""},"categories":[38,50,39,1,68],"tags":[],"coauthors":[],"class_list":["post-13926","post","type-post","status-publish","format-standard","has-post-thumbnail","hentry","category-cpaq","category-evento","category-grad","category-noticias","category-noticias-matematica"],"_links":{"self":[{"href":"https:\/\/cpaq.ufms.br\/en\/wp-json\/wp\/v2\/posts\/13926","targetHints":{"allow":["GET"]}}],"collection":[{"href":"https:\/\/cpaq.ufms.br\/en\/wp-json\/wp\/v2\/posts"}],"about":[{"href":"https:\/\/cpaq.ufms.br\/en\/wp-json\/wp\/v2\/types\/post"}],"author":[{"embeddable":true,"href":"https:\/\/cpaq.ufms.br\/en\/wp-json\/wp\/v2\/users\/2904"}],"replies":[{"embeddable":true,"href":"https:\/\/cpaq.ufms.br\/en\/wp-json\/wp\/v2\/comments?post=13926"}],"version-history":[{"count":4,"href":"https:\/\/cpaq.ufms.br\/en\/wp-json\/wp\/v2\/posts\/13926\/revisions"}],"predecessor-version":[{"id":13931,"href":"https:\/\/cpaq.ufms.br\/en\/wp-json\/wp\/v2\/posts\/13926\/revisions\/13931"}],"wp:featuredmedia":[{"embeddable":true,"href":"https:\/\/cpaq.ufms.br\/en\/wp-json\/wp\/v2\/media\/13928"}],"wp:attachment":[{"href":"https:\/\/cpaq.ufms.br\/en\/wp-json\/wp\/v2\/media?parent=13926"}],"wp:term":[{"taxonomy":"category","embeddable":true,"href":"https:\/\/cpaq.ufms.br\/en\/wp-json\/wp\/v2\/categories?post=13926"},{"taxonomy":"post_tag","embeddable":true,"href":"https:\/\/cpaq.ufms.br\/en\/wp-json\/wp\/v2\/tags?post=13926"},{"taxonomy":"author","embeddable":true,"href":"https:\/\/cpaq.ufms.br\/en\/wp-json\/wp\/v2\/coauthors?post=13926"}],"curies":[{"name":"wp","href":"https:\/\/api.w.org\/{rel}","templated":true}]}}