{"id":13051,"date":"2018-07-27T16:28:38","date_gmt":"2018-07-27T20:28:38","guid":{"rendered":"https:\/\/cpaq.ufms.br\/?p=13051"},"modified":"2018-08-02T08:23:24","modified_gmt":"2018-08-02T12:23:24","slug":"matematica-vagas-disponiveis-para-monitoria-de-ensino","status":"publish","type":"post","link":"https:\/\/cpaq.ufms.br\/en\/matematica-vagas-disponiveis-para-monitoria-de-ensino\/","title":{"rendered":"Curso de Matem\u00e1tica disp\u00f5e de cinco vagas para monitoria de ensino"},"content":{"rendered":"<p style=\"text-align: justify\">O Curso de Matem\u00e1tica divulga as vagas dispon\u00edveis para bolsas de monitoria de ensino para o segundo semestre letivo de 2018:<\/p>\n<table width=\"671\">\n<tbody>\n<tr>\n<td width=\"255\">Disciplinas<\/td>\n<td width=\"227\">Professor Respons\u00e1vel<\/td>\n<td width=\"85\">N\u00ba Vagas<\/td>\n<td width=\"104\">Categoria<\/td>\n<\/tr>\n<tr>\n<td width=\"255\">Geometria Espacial<\/td>\n<td width=\"227\">Adriana Wagner<\/td>\n<td width=\"85\">1<\/td>\n<td rowspan=\"4\" width=\"104\">Bolsista<\/td>\n<\/tr>\n<tr>\n<td width=\"255\">Estruturas Alg\u00e9bricas I<\/td>\n<td width=\"227\">Adriana Wagner<\/td>\n<td width=\"85\">1<\/td>\n<\/tr>\n<tr>\n<td width=\"255\">Vetores e Geometria Anal\u00edtica I<\/td>\n<td width=\"227\">Leandro Bezerra de Lima<\/td>\n<td width=\"85\">1<\/td>\n<\/tr>\n<tr>\n<td width=\"255\">Fundamentos de Matem\u00e1tica III<\/td>\n<td width=\"227\">Camila de Freitas Fernandes<\/td>\n<td width=\"85\">1<\/td>\n<\/tr>\n<tr>\n<td width=\"255\">Matem\u00e1tica Financeira<\/td>\n<td width=\"227\">Leandro Bezerra de Lima<\/td>\n<td width=\"85\">1<\/td>\n<td width=\"104\">Volunt\u00e1rio<\/td>\n<\/tr>\n<\/tbody>\n<\/table>\n<p style=\"text-align: justify\">As inscri\u00e7\u00f5es ocorrer\u00e3o no per\u00edodo de 07 a 10 de agosto diretamente no site sigproj.ufms.br. Para acessar o edital clique <a href=\"https:\/\/prograd.ufms.br\/files\/2018\/08\/EDITALPROGRAD_RTRn212de01-08-2018.pdf\" target=\"_blank\" rel=\"noopener noreferrer\">aqui<\/a>.<\/p>\n","protected":false},"excerpt":{"rendered":"<p>O Curso de Matem\u00e1tica divulga as vagas dispon\u00edveis para bolsas de monitoria de ensino para o segundo semestre letivo de 2018: Disciplinas Professor Respons\u00e1vel N\u00ba Vagas Categoria Geometria Espacial Adriana Wagner 1 Bolsista Estruturas Alg\u00e9bricas I Adriana Wagner 1 Vetores e Geometria Anal\u00edtica I Leandro Bezerra de Lima 1 Fundamentos de Matem\u00e1tica III Camila de [&hellip;]<\/p>\n","protected":false},"author":1867,"featured_media":0,"comment_status":"closed","ping_status":"open","sticky":false,"template":"","format":"standard","meta":{"footnotes":""},"categories":[68],"tags":[],"coauthors":[101],"class_list":["post-13051","post","type-post","status-publish","format-standard","hentry","category-noticias-matematica"],"_links":{"self":[{"href":"https:\/\/cpaq.ufms.br\/en\/wp-json\/wp\/v2\/posts\/13051","targetHints":{"allow":["GET"]}}],"collection":[{"href":"https:\/\/cpaq.ufms.br\/en\/wp-json\/wp\/v2\/posts"}],"about":[{"href":"https:\/\/cpaq.ufms.br\/en\/wp-json\/wp\/v2\/types\/post"}],"author":[{"embeddable":true,"href":"https:\/\/cpaq.ufms.br\/en\/wp-json\/wp\/v2\/users\/1867"}],"replies":[{"embeddable":true,"href":"https:\/\/cpaq.ufms.br\/en\/wp-json\/wp\/v2\/comments?post=13051"}],"version-history":[{"count":11,"href":"https:\/\/cpaq.ufms.br\/en\/wp-json\/wp\/v2\/posts\/13051\/revisions"}],"predecessor-version":[{"id":13124,"href":"https:\/\/cpaq.ufms.br\/en\/wp-json\/wp\/v2\/posts\/13051\/revisions\/13124"}],"wp:attachment":[{"href":"https:\/\/cpaq.ufms.br\/en\/wp-json\/wp\/v2\/media?parent=13051"}],"wp:term":[{"taxonomy":"category","embeddable":true,"href":"https:\/\/cpaq.ufms.br\/en\/wp-json\/wp\/v2\/categories?post=13051"},{"taxonomy":"post_tag","embeddable":true,"href":"https:\/\/cpaq.ufms.br\/en\/wp-json\/wp\/v2\/tags?post=13051"},{"taxonomy":"author","embeddable":true,"href":"https:\/\/cpaq.ufms.br\/en\/wp-json\/wp\/v2\/coauthors?post=13051"}],"curies":[{"name":"wp","href":"https:\/\/api.w.org\/{rel}","templated":true}]}}