{"id":10671,"date":"2018-02-27T15:56:06","date_gmt":"2018-02-27T19:56:06","guid":{"rendered":"https:\/\/cpaq.ufms.br\/?p=10671"},"modified":"2018-02-27T15:58:24","modified_gmt":"2018-02-27T19:58:24","slug":"o-curso-de-matematica-parabeniza-academicos-pela-aprovacao-em-cursos-de-mestrado","status":"publish","type":"post","link":"https:\/\/cpaq.ufms.br\/en\/o-curso-de-matematica-parabeniza-academicos-pela-aprovacao-em-cursos-de-mestrado\/","title":{"rendered":"O Curso de Matem\u00e1tica Parabeniza Formandos pela Aprova\u00e7\u00e3o em Cursos de Mestrado"},"content":{"rendered":"<p>O Curso de Matem\u00e1tica parabeniza pela aprova\u00e7\u00e3o\u00a0em cursos de Mestrado, stricto sensu,<\/p>\n<ul>\n<li>Laura Silva Dias &#8211; Mestrado em Educa\u00e7\u00e3o Matem\u00e1tica da UFMS em Campo Grande &#8211; MS, e<\/li>\n<li>Matheus Felipe Cristaldo de Oliveira &#8211; Mestrado em Astronomia e F\u00edsica da UNIVAP (Universidade do Vale do Para\u00edba) em\u00a0S\u00e3o Jos\u00e9 dos Campos &#8211; SP.<\/li>\n<\/ul>\n<p>Ambos ingressaram no curso de Matem\u00e1tica em 2014 e s\u00e3o rec\u00e9m-formados (2017).<\/p>\n<p>Parab\u00e9ns aos dois e sucesso\u00a0nessa caminhada.<\/p>\n","protected":false},"excerpt":{"rendered":"<p>O Curso de Matem\u00e1tica parabeniza pela aprova\u00e7\u00e3o\u00a0em cursos de Mestrado, stricto sensu, Laura Silva Dias &#8211; Mestrado em Educa\u00e7\u00e3o Matem\u00e1tica da UFMS em Campo Grande &#8211; MS, e Matheus Felipe Cristaldo de Oliveira &#8211; Mestrado em Astronomia e F\u00edsica da UNIVAP (Universidade do Vale do Para\u00edba) em\u00a0S\u00e3o Jos\u00e9 dos Campos &#8211; SP. Ambos ingressaram no [&hellip;]<\/p>\n","protected":false},"author":1867,"featured_media":10672,"comment_status":"closed","ping_status":"open","sticky":false,"template":"","format":"standard","meta":{"footnotes":""},"categories":[68],"tags":[],"coauthors":[],"class_list":["post-10671","post","type-post","status-publish","format-standard","has-post-thumbnail","hentry","category-noticias-matematica"],"_links":{"self":[{"href":"https:\/\/cpaq.ufms.br\/en\/wp-json\/wp\/v2\/posts\/10671","targetHints":{"allow":["GET"]}}],"collection":[{"href":"https:\/\/cpaq.ufms.br\/en\/wp-json\/wp\/v2\/posts"}],"about":[{"href":"https:\/\/cpaq.ufms.br\/en\/wp-json\/wp\/v2\/types\/post"}],"author":[{"embeddable":true,"href":"https:\/\/cpaq.ufms.br\/en\/wp-json\/wp\/v2\/users\/1867"}],"replies":[{"embeddable":true,"href":"https:\/\/cpaq.ufms.br\/en\/wp-json\/wp\/v2\/comments?post=10671"}],"version-history":[{"count":2,"href":"https:\/\/cpaq.ufms.br\/en\/wp-json\/wp\/v2\/posts\/10671\/revisions"}],"predecessor-version":[{"id":10674,"href":"https:\/\/cpaq.ufms.br\/en\/wp-json\/wp\/v2\/posts\/10671\/revisions\/10674"}],"wp:featuredmedia":[{"embeddable":true,"href":"https:\/\/cpaq.ufms.br\/en\/wp-json\/wp\/v2\/media\/10672"}],"wp:attachment":[{"href":"https:\/\/cpaq.ufms.br\/en\/wp-json\/wp\/v2\/media?parent=10671"}],"wp:term":[{"taxonomy":"category","embeddable":true,"href":"https:\/\/cpaq.ufms.br\/en\/wp-json\/wp\/v2\/categories?post=10671"},{"taxonomy":"post_tag","embeddable":true,"href":"https:\/\/cpaq.ufms.br\/en\/wp-json\/wp\/v2\/tags?post=10671"},{"taxonomy":"author","embeddable":true,"href":"https:\/\/cpaq.ufms.br\/en\/wp-json\/wp\/v2\/coauthors?post=10671"}],"curies":[{"name":"wp","href":"https:\/\/api.w.org\/{rel}","templated":true}]}}